{"id":295,"date":"2021-07-23T12:35:00","date_gmt":"2021-07-23T10:35:00","guid":{"rendered":"https:\/\/www.instytutpm.eu\/?p=295"},"modified":"2023-05-19T11:04:24","modified_gmt":"2023-05-19T09:04:24","slug":"opinia-na-temat-projektu-polityka-migracyjna-polski-kierunki-dzialan-2021-2022-instytut-praw-migrantow-fundacja-ukraina","status":"publish","type":"post","link":"https:\/\/www.instytutpm.eu\/uk\/opinia-na-temat-projektu-polityka-migracyjna-polski-kierunki-dzialan-2021-2022-instytut-praw-migrantow-fundacja-ukraina\/","title":{"rendered":"Opinia na temat projektu \u201cPolityka migracyjna Polski &#8211; kierunki dzia\u0142a\u0144 2021 -2022\u201d instytut praw migrant\u00f3w &#8211; fundacja Ukraina"},"content":{"rendered":"\n<p>Na pocz\u0105tku lipca Rada Ministr\u00f3w opublikowa\u0142a projekt uchwa\u0142y w sprawie przyj\u0119cia dokumentu \u201ePolityka migracyjna Polski \u2013 kierunki dzia\u0142a\u0144 2021-2022\u201d. Przed przyj\u0119ciem dokumentu, projekt uchwa\u0142y zostanie przeanalizowany przez specjalist\u00f3w, w tym przedstawicieli Instytutu Praw Migrant\u00f3w. Analizy zostan\u0105 przedstawione na konsultacjach spo\u0142ecznych, co mo\u017ce spowodowa\u0107 zmiany dokumentu, zanim on b\u0119dzie zatwierdzony.<\/p>\n\n\n\n<p>Link do projektu uchwa\u0142y:&nbsp;<a href=\"https:\/\/www.gov.pl\/web\/mswia\/projekt-uchwaly-rady-ministrow-w-sprawie-przyjecia-dokumentu-polityka-migracyjna-polski--kierunki-dzialan-2021-2022-id179\"><u>https:\/\/www.gov.pl\/web\/mswia\/projekt-uchwaly-rady-ministrow-w-sprawie-przyjecia-dokumentu-polityka-migracyjna-polski&#8211;kierunki-dzialan-2021-2022-id179<\/u><\/a>&nbsp;<\/p>\n\n\n\n<h2 class=\"wp-block-heading\"><strong>1. Uwagi og\u00f3lne<\/strong><\/h2>\n\n\n\n<p>Z perspektywy organizacji spo\u0142ecznej zajmuj\u0105cej si\u0119 integracj\u0105, edukacj\u0105 i legalizacj\u0105 pobytu cudzoziemc\u00f3w, projekt polityki migracyjnej nale\u017cy oceni\u0107 z du\u017c\u0105 doz\u0105 pow\u015bci\u0105gliwo\u015bci. Niew\u0105tpliwie na plus tego projektu, nale\u017cy uzna\u0107 samo jego stworzenie i prac\u0119 nad nim. Jednak\u017ce nie nale\u017cy zapomina\u0107 o tym, jaki jest cel tworzenia polityk migracyjnych. Celem powinna by\u0107 budowa strategii dzia\u0142ania, a tak\u017ce wyznaczenie celu, nawet trudnego do osi\u0105gni\u0119cia, ale jednak dopiero po\u0142\u0105czenie diagnozy problemu i celu mo\u017ce wskaza\u0107, jakie b\u0119d\u0105 najlepsze najbardziej efektywne i najrozs\u0105dniejsze \u015bcie\u017cki do jego osi\u0105gni\u0119cia. W komentowanym projekcie niestety nie mamy jasno okre\u015blonego celu.<\/p>\n\n\n\n<p>Dodatkowo chcieliby\u015bmy podkre\u015bli\u0107, \u017ce dokument, jakim jest polityka migracyjna, powinien by\u0107 wieloletni. Prawdopodobnie najlepszym okresem, na kt\u00f3ry powinna by\u0107 tworzona polityka migracyjna, jest pi\u0119\u0107 lat. Jest tak dlatego, \u017ce polityka migracyjna powinna zawiera\u0107 w sobie perspektyw\u0119 rozwoju. Poniewa\u017c to nie tylko realizacja zmian legislacyjnych, ale te\u017c czas na zmian\u0119 mentalno\u015bci, przyzwyczaje\u0144 czy podej\u015bcia podmiot\u00f3w obrotu gospodarczego i instytucji. To jednak s\u0105 elementy, kt\u00f3re s\u0105 niemal nieuchwytne w perspektywie rocznej. Jednak okres najbli\u017cszego roku jest najprostszy do okre\u015blenia. Dlatego najlepsz\u0105 opcj\u0105 jest pi\u0119cioletnia polityka migracyjna aktualizowana co roku i z dodaniem perspektywy na rok kolejny. Taka krocz\u0105ca nowelizacja rokroczna po\u0142\u0105czy\u0142aby szczeg\u00f3\u0142owo\u015b\u0107 rozwi\u0105za\u0144 rocznych i odpowiedni\u0105 perspektyw\u0119 wieloletni\u0105.&nbsp;<\/p>\n\n\n\n<h2 class=\"wp-block-heading\"><strong>2. Komentarz do rozdzia\u0142u \u201clegalna migracja\u201d<\/strong><\/h2>\n\n\n\n<p>Nale\u017cy zaliczy\u0107 na plus tw\u00f3rcom dokumentu ch\u0119\u0107 zmian instytucjonalnych w legalizacji zatrudnienia i pobytu cudzoziemc\u00f3w. Jednak\u017ce plany przeniesienia odpowiedzialno\u015bci za legalizacj\u0119 zatrudnienia na publiczne s\u0142u\u017cby zatrudnienia na poziomie powiat\u00f3w, jest ju\u017c realnym planem rz\u0105du, wi\u0119c nie mo\u017cna tego uzna\u0107 za postulat przysz\u0142o\u015bciowy. Projekt nie zawiera te\u017c informacji czy za przeniesieniem tych kompetencji p\u00f3jd\u0105 \u015brodki i kadry, poniewa\u017c b\u0119dzie to zadanie zlecone, wi\u0119c i \u017ar\u00f3d\u0142o finansowania b\u0119dzie zewn\u0119trzne. Je\u017celi te\u017c te same kwoty kt\u00f3re s\u0105 obecne przeznaczane na za\u0142atwienie spraw zwi\u0105zanych z zatrudnieniem cudzoziemc\u00f3w przez Wojewod\u00f3w, zostan\u0105 po prostu przesuni\u0119te do powiatowych urz\u0119d\u00f3w pracy, to do realnej zmiany mo\u017ce nie doj\u015b\u0107. Opisu tych zagro\u017ce\u0144 i ewentualnych s\u0142abych i mocnych punkt\u00f3w tego rozwi\u0105zania w polityce migracyjnej nie zawarto, co mo\u017ce \u015bwiadczy\u0107 o tym \u017ce w og\u00f3le nie wzi\u0119to ich pod uwag\u0119 lub zosta\u0142o zbagatelizowane.&nbsp;&nbsp;<\/p>\n\n\n\n<p>Polityka migracyjna powinna zawiera\u0107 jednoznaczny nakaz rozwi\u0105zania problemu dost\u0119pu do rynku pracy absolwent\u00f3w studi\u00f3w stacjonarnych niestacjonarnych i s\u0142uchaczy szk\u00f3\u0142 policealnych, a tak\u017ce kwestie tego dost\u0119pu dla student\u00f3w niestacjonarnych i s\u0142uchaczy szk\u00f3\u0142 policealnych. Je\u017celi swobodny dost\u0119p do rynku pracy maj\u0105 mie\u0107 absolwenci studi\u00f3w stacjonarnych i absolwenci szk\u00f3\u0142 policealnych to nale\u017cy do tego kr\u0119gu bezsprzecznie w\u0142\u0105czy\u0107 absolwent\u00f3w studi\u00f3w niestacjonarnych. Obecnie wyst\u0119puj\u0105ca nier\u00f3wno\u015b\u0107 jest niezrozumia\u0142a i nieuzasadniona, zw\u0142aszcza w sytuacji kiedy jednym z za\u0142o\u017ce\u0144 omawianego dokumentu jest u\u0142atwienie migracji do RP osobom z wy\u017cszym wykszta\u0142ceniem i zach\u0119ty do zostawiania w naszym kraju dla os\u00f3b ko\u0144cz\u0105cych studia.<\/p>\n\n\n\n<p>Projektodawca zak\u0142ada ograniczenie stosowania um\u00f3w o dzie\u0142o w\u015br\u00f3d cudzoziemc\u00f3w. Je\u017celi jednak celem jest ochrona praw pracownik\u00f3w, a tak\u017ce brak fragmentaryzacji rynku pracy czy zdominowania przez cudzoziemc\u00f3w danych sektor\u00f3w, to nale\u017cy d\u0105\u017cy\u0107 do wyeliminowania wszystkich niepracowniczych form zatrudnienia. Dlatego nale\u017cy d\u0105\u017cy\u0107 do sytuacji w kt\u00f3rej cudzoziemcy, zw\u0142aszcza grupa bez swobodnego dost\u0119pu do rynku pracy, musia\u0142aby by\u0107 zatrudniona jedynie w stosunku pracowniczym. To zwi\u0119kszy\u0142oby r\u00f3wnie\u017c \u015bci\u0105galno\u015b\u0107 sk\u0142adek i podatk\u00f3w, a tak\u017ce doprowadzi\u0142o do wyr\u00f3wnywania szans pomi\u0119dzy pracownikami polskimi i cudzoziemskimi, gdy\u017c dzisiaj pracownicy cudzoziemscy, kr\u00f3tkookresowy o wiele ch\u0119tniej zgadzaj\u0105 si\u0119 na niepracownicze formy zatrudnienia.&nbsp;&nbsp;<\/p>\n\n\n\n<p>Ch\u0119\u0107 eliminowania zjawiska nieformalnych, nielegalnych czy dzia\u0142aj\u0105cych niezgodnie z prawem agencji po\u015brednictwa pracy i agencji pracy tymczasowej nale\u017cy uzna\u0107 za propozycj\u0119 s\u0142uszn\u0105 jednak powinny zmieni\u0107 si\u0119 te\u017c kary nak\u0142adane za nielegalne zatrudnienie i zatrudnienie wbrew przepisom. Powinny by\u0107 to kary obliczane na podstawie procentu od obrotu, gdy\u017c obecne, kwotowe kary nie pe\u0142ni\u0105 funkcji prewencyjnej dla \u015brednich i du\u017cych podmiot\u00f3w.&nbsp;<\/p>\n\n\n\n<h2 class=\"wp-block-heading\">&nbsp;<strong>3. Komentarz do rozdzia\u0142u \u201cNielegalna migracja\u201d<\/strong><\/h2>\n\n\n\n<p>Du\u017c\u0105 rol\u0119 w kwestii nielegalnej migracji pe\u0142ni zrozumienie i dopracowywanie relacji mi\u0119dzy pracodawcami, organami administracji publicznej i migrantami. Migranci chc\u0105 legalnie przebywa\u0107 i pracowa\u0107 w naszym kraju a pracodawcy chc\u0105 legalnie zatrudnia\u0107, jednak przewlek\u0142e, trudne i nieprzejrzyste prowadzenie post\u0119powa\u0144 realnie spycha migrant\u00f3w do szarej strefy, a pracodawc\u00f3w do powierzenia pracy wbrew przepisom. Dlatego nale\u017cy do\u0142o\u017cy\u0107 wszelkich stara\u0144 do przyspieszenia procedur, zar\u00f3wno przez zmiany prawne, jak i r\u00f3wnie\u017c zmiany organizacyjne i dofinansowanie organ\u00f3w zajmuj\u0105cych si\u0119 obs\u0142ug\u0105 tego zjawiska. Dopiero kiedy procedury przyspiesz\u0105, nale\u017cy wprowadzi\u0107 surowe, zale\u017cne od obrotu kary dla podmiot\u00f3w nielegalnie zatrudniaj\u0105cych, tak \u017ceby mieli oni realn\u0105 alternatyw\u0119 w por\u00f3wnaniu z nielegalnym zatrudnieniem. W obecnej sytuacji pracodawcy staj\u0105 cz\u0119sto przed wyborem utraty kontrakt\u00f3w albo zatrudnieniem niezb\u0119dnych pracownik\u00f3w wbrew przepisom. Cudzoziemcy, chocia\u017c chc\u0105 przebywa\u0107 legalnie to przez trudno\u015bci proceduralne, znajduj\u0105 si\u0119 w sytuacji nielegalnego pobytu, jeden dzie\u0144 nielegalnego pobytu powoduje, \u017ce nie ma mo\u017cliwo\u015bci odst\u0105pienia od nakazu opuszczenia kraju, a to jest najgorszym, co mo\u017ce spotka\u0107 cudzoziemc\u00f3w. Dlatego nale\u017cy wprowadzi\u0107 zmian prawne, kt\u00f3re spowoduj\u0105, \u017ce cudzoziemiec przebywaj\u0105cy nielegalnie przez kr\u00f3tki czas lub kt\u00f3ry nie ma potwierdzenia swojego legalnego przebywania z winy organu administracji publicznej, nie podlega zobowi\u0105zaniu do powrotu.<\/p>\n\n\n\n<p>Projektodawca chce zwi\u0119kszy\u0107 kompetencje Pa\u0144stwowej Inspekcji Pracy poprzez zwi\u0119kszenie ilo\u015bci podmiot\u00f3w mo\u017cliwych do skontrolowania, to s\u0142uszny kierunek, jednak\u017ce PIP nale\u017cy wzmocni\u0107 o nowe kadry, zwi\u0119kszy\u0107 jej finansowanie, a tak\u017ce wyposa\u017cy\u0107 w kompetencje takie jak mo\u017cliwo\u015b\u0107 ustalania stosunku pracy w drodze decyzji administracyjnych. PIP od wielu lat prowadzi dobre i skuteczne poradnictwo prawne, akcje edukacyjne i wsp\u00f3\u0142pracuje z innymi organizacjami w celu zwi\u0119kszenia edukacji z zakresu prawa, a tak\u017ce bezpiecze\u0144stwa i higieny pracy, trzeba wi\u0119c wykorzysta\u0107 to poprzez zwi\u0119kszenie etat\u00f3w i proporcjonalne zwi\u0119kszenie finansowania, tak aby wykorzysta\u0107 w pe\u0142ni mo\u017cliwo\u015bci organu, kt\u00f3ry ma dobr\u0105 opini\u0119 w\u015br\u00f3d wszystkich pracownik\u00f3w, \u0142\u0105cznie z cudzoziemcami.<\/p>\n\n\n\n<h2 class=\"wp-block-heading\"><strong>4. Komentarz do rozdzia\u0142u \u201cIntegracja\u201d<\/strong><\/h2>\n\n\n\n<p>Projektodawca zauwa\u017cy\u0142 ch\u0119\u0107 pog\u0142\u0119bienia integracji cudzoziemc\u00f3w, niestety negatywnie trzeba oceni\u0107 brak celu i wizji, jaki ma by\u0107 koniec integracji cudzoziemca. Naszym zdaniem optymalnym poziomem integracji dla cudzoziemc\u00f3w wyra\u017caj\u0105cych ch\u0119\u0107 ubiegania si\u0119 o obywatelstwo RP, jest sytuacja, w kt\u00f3rej przy zachowaniu kultury, j\u0119zyka i tradycji cudzoziemiec taki w pe\u0142ni identyfikuje si\u0119 z polskim j\u0119zykiem, tradycj\u0105, kultur\u0105 i porz\u0105dkiem prawnym. Taki poziom integracji jest trudny do osi\u0105gni\u0119cia, lecz powinien by\u0107 celem, do kt\u00f3rego nale\u017cy d\u0105\u017cy\u0107. Jednym z element\u00f3w takiego d\u0105\u017cenia powinien by\u0107 obowi\u0105zek po\u015bwiadczenia znajomo\u015bci pa\u0144stwa i prawa RP. Egzaminy taki powinny by\u0107 organizowane przez NAWA i zawiera\u0107 pytania z dziedzin takich jak: prawo konstytucyjne, prawo administracyjne, historia polski, literatura. Test taki powinien by\u0107 potwierdzeniem nie tylko wiedzy, ale i \u015bwiadomo\u015bci nawi\u0105zywania tego szczeg\u00f3lnego zwi\u0105zku mi\u0119dzy jednostk\u0105 a&nbsp; pa\u0144stwem.<\/p>\n\n\n\n<p>Inny poziom integracji powinien by\u0107 celem dla os\u00f3b jedynie zamieszkuj\u0105cych na terenie naszego kraju czas pozwalaj\u0105cy o ubieganie si\u0119 o status rezydenta d\u0142ugoterminowego UE albo pobyt sta\u0142y. Tam liczy si\u0119 bardziej integracja spo\u0142eczna, znajomo\u015b\u0107 j\u0119zyka tak, aby by\u0142o mo\u017cliwe zbieranie wiedzy o pa\u0144stwie i spo\u0142ecze\u0144stwie tam \u017cyj\u0105cym.<\/p>\n\n\n\n<p>Dodatkowo koniecznym jest systemowe wsparcie dla spo\u0142ecze\u0144stwa przyjmuj\u0105cego, tak aby zmienia\u0107 jego podej\u015bcie do migrant\u00f3w. Wyzwaniem, przed kt\u00f3rym stoimy, jest to czy nie nale\u017cy spr\u00f3bowa\u0107 odej\u015b\u0107 w powszechnej edukacji o koncepcji pa\u0144stwa narodowego, na rzecz koncepcji pa\u0144stwa obywatelskiego, kt\u00f3re b\u0119dzie rozumia\u0142o to, \u017ce pe\u0142noprawnymi cz\u0142onkami naszej spo\u0142eczno\u015bci s\u0105 tak\u017ce obywatele nieb\u0119d\u0105cy etnicznymi polakami. Taka zmiana wymaga czasu i nie b\u0119dzie regulowana prawem, ale edukacj\u0105, inicjatywami oddolnymi i nieformalnym podej\u015bciem organ\u00f3w administracji publicznej do obywateli RP nieb\u0119d\u0105cych etnicznymi cz\u0142onkami narodu polskiego. Dlatego perspektywa roczna polityki migracyjnej jest b\u0142\u0119dna.<\/p>\n","protected":false},"excerpt":{"rendered":"<p>Na pocz\u0105tku lipca Rada Ministr\u00f3w opublikowa\u0142a projekt uchwa\u0142y w sprawie przyj\u0119cia dokumentu \u201ePolityka migracyjna Polski \u2013 kierunki dzia\u0142a\u0144 2021-2022\u201d. Przed przyj\u0119ciem dokumentu, projekt uchwa\u0142y zostanie przeanalizowany przez specjalist\u00f3w, w tym przedstawicieli Instytutu Praw Migrant\u00f3w. Analizy zostan\u0105 przedstawione na konsultacjach spo\u0142ecznych, co mo\u017ce spowodowa\u0107 zmiany dokumentu, zanim on b\u0119dzie zatwierdzony. Link do projektu uchwa\u0142y:&nbsp;https:\/\/www.gov.pl\/web\/mswia\/projekt-uchwaly-rady-ministrow-w-sprawie-przyjecia-dokumentu-polityka-migracyjna-polski&#8211;kierunki-dzialan-2021-2022-id179&nbsp; 1. Uwagi&#8230;<\/p>\n","protected":false},"author":2,"featured_media":1713,"comment_status":"closed","ping_status":"closed","sticky":false,"template":"","format":"standard","meta":{"inline_featured_image":false,"advgb_blocks_editor_width":"","advgb_blocks_columns_visual_guide":"","footnotes":""},"categories":[1],"tags":[],"class_list":["post-295","post","type-post","status-publish","format-standard","has-post-thumbnail","hentry","category-instytut-praw-migrantow"],"yoast_head":"<!-- This site is optimized with the Yoast SEO plugin v23.0 - https:\/\/yoast.com\/wordpress\/plugins\/seo\/ -->\n<title>Opinia na temat projektu \u201cPolityka migracyjna Polski - kierunki dzia\u0142a\u0144 2021 -2022\u201d instytut praw migrant\u00f3w - fundacja Ukraina - Institute Of Migrant Rights<\/title>\n<meta name=\"description\" content=\"Naszyme celem jest kszta\u0142cenie spo\u0142ecze\u0144stwa r\u00f3wnych szans \u015bwiadomego swoich praw, poprzez prowadzenie dzia\u0142alno\u015bci konsultacyjnej i szkoleniowej.\" \/>\n<meta name=\"robots\" content=\"index, follow, max-snippet:-1, max-image-preview:large, max-video-preview:-1\" \/>\n<link rel=\"canonical\" href=\"https:\/\/www.instytutpm.eu\/opinia-na-temat-projektu-polityka-migracyjna-polski-kierunki-dzialan-2021-2022-instytut-praw-migrantow-fundacja-ukraina\/\" \/>\n<meta property=\"og:locale\" content=\"en_US\" \/>\n<meta property=\"og:type\" content=\"article\" \/>\n<meta property=\"og:title\" content=\"Opinia na temat projektu \u201cPolityka migracyjna Polski - kierunki dzia\u0142a\u0144 2021 -2022\u201d instytut praw migrant\u00f3w - fundacja Ukraina - Institute Of Migrant Rights\" \/>\n<meta property=\"og:description\" content=\"Naszyme celem jest kszta\u0142cenie spo\u0142ecze\u0144stwa r\u00f3wnych szans \u015bwiadomego swoich praw, poprzez prowadzenie dzia\u0142alno\u015bci konsultacyjnej i szkoleniowej.\" \/>\n<meta property=\"og:url\" content=\"https:\/\/www.instytutpm.eu\/opinia-na-temat-projektu-polityka-migracyjna-polski-kierunki-dzialan-2021-2022-instytut-praw-migrantow-fundacja-ukraina\/\" \/>\n<meta property=\"og:site_name\" content=\"Institute Of Migrant Rights\" \/>\n<meta property=\"article:publisher\" content=\"https:\/\/www.facebook.com\/Instytutpm\" \/>\n<meta property=\"article:published_time\" content=\"2021-07-23T10:35:00+00:00\" \/>\n<meta property=\"article:modified_time\" content=\"2023-05-19T09:04:24+00:00\" \/>\n<meta property=\"og:image\" content=\"https:\/\/www.instytutpm.eu\/wp-content\/uploads\/2021\/07\/migration-policy.jpeg\" \/>\n\t<meta property=\"og:image:width\" content=\"680\" \/>\n\t<meta property=\"og:image:height\" content=\"453\" \/>\n\t<meta property=\"og:image:type\" content=\"image\/jpeg\" \/>\n<meta name=\"author\" content=\"Instytut Praw Migrant\u00f3w\" \/>\n<meta name=\"twitter:card\" content=\"summary_large_image\" \/>\n<meta name=\"twitter:creator\" content=\"@Instytutipm\" \/>\n<meta name=\"twitter:site\" content=\"@Instytutipm\" \/>\n<meta name=\"twitter:label1\" content=\"Written by\" \/>\n\t<meta name=\"twitter:data1\" content=\"Instytut Praw Migrant\u00f3w\" \/>\n\t<meta name=\"twitter:label2\" content=\"Est. reading time\" \/>\n\t<meta name=\"twitter:data2\" content=\"6 minutes\" \/>\n<script type=\"application\/ld+json\" class=\"yoast-schema-graph\">{\"@context\":\"https:\/\/schema.org\",\"@graph\":[{\"@type\":\"Article\",\"@id\":\"https:\/\/www.instytutpm.eu\/opinia-na-temat-projektu-polityka-migracyjna-polski-kierunki-dzialan-2021-2022-instytut-praw-migrantow-fundacja-ukraina\/#article\",\"isPartOf\":{\"@id\":\"https:\/\/www.instytutpm.eu\/opinia-na-temat-projektu-polityka-migracyjna-polski-kierunki-dzialan-2021-2022-instytut-praw-migrantow-fundacja-ukraina\/\"},\"author\":{\"name\":\"Instytut Praw Migrant\u00f3w\",\"@id\":\"https:\/\/www.instytutpm.eu\/#\/schema\/person\/786e05d0f6f22e29b93c5ded632d8bd2\"},\"headline\":\"Opinia na temat projektu \u201cPolityka migracyjna Polski &#8211; kierunki dzia\u0142a\u0144 2021 -2022\u201d instytut praw migrant\u00f3w &#8211; fundacja Ukraina\",\"datePublished\":\"2021-07-23T10:35:00+00:00\",\"dateModified\":\"2023-05-19T09:04:24+00:00\",\"mainEntityOfPage\":{\"@id\":\"https:\/\/www.instytutpm.eu\/opinia-na-temat-projektu-polityka-migracyjna-polski-kierunki-dzialan-2021-2022-instytut-praw-migrantow-fundacja-ukraina\/\"},\"wordCount\":1524,\"publisher\":{\"@id\":\"https:\/\/www.instytutpm.eu\/#organization\"},\"image\":{\"@id\":\"https:\/\/www.instytutpm.eu\/opinia-na-temat-projektu-polityka-migracyjna-polski-kierunki-dzialan-2021-2022-instytut-praw-migrantow-fundacja-ukraina\/#primaryimage\"},\"thumbnailUrl\":\"https:\/\/www.instytutpm.eu\/wp-content\/uploads\/2021\/07\/migration-policy.jpeg\",\"articleSection\":[\"IPM\"],\"inLanguage\":\"ua\"},{\"@type\":\"WebPage\",\"@id\":\"https:\/\/www.instytutpm.eu\/opinia-na-temat-projektu-polityka-migracyjna-polski-kierunki-dzialan-2021-2022-instytut-praw-migrantow-fundacja-ukraina\/\",\"url\":\"https:\/\/www.instytutpm.eu\/opinia-na-temat-projektu-polityka-migracyjna-polski-kierunki-dzialan-2021-2022-instytut-praw-migrantow-fundacja-ukraina\/\",\"name\":\"Opinia na temat projektu \u201cPolityka migracyjna Polski - kierunki dzia\u0142a\u0144 2021 -2022\u201d instytut praw migrant\u00f3w - fundacja Ukraina - Institute Of Migrant Rights\",\"isPartOf\":{\"@id\":\"https:\/\/www.instytutpm.eu\/#website\"},\"primaryImageOfPage\":{\"@id\":\"https:\/\/www.instytutpm.eu\/opinia-na-temat-projektu-polityka-migracyjna-polski-kierunki-dzialan-2021-2022-instytut-praw-migrantow-fundacja-ukraina\/#primaryimage\"},\"image\":{\"@id\":\"https:\/\/www.instytutpm.eu\/opinia-na-temat-projektu-polityka-migracyjna-polski-kierunki-dzialan-2021-2022-instytut-praw-migrantow-fundacja-ukraina\/#primaryimage\"},\"thumbnailUrl\":\"https:\/\/www.instytutpm.eu\/wp-content\/uploads\/2021\/07\/migration-policy.jpeg\",\"datePublished\":\"2021-07-23T10:35:00+00:00\",\"dateModified\":\"2023-05-19T09:04:24+00:00\",\"description\":\"Naszyme celem jest kszta\u0142cenie spo\u0142ecze\u0144stwa r\u00f3wnych szans \u015bwiadomego swoich praw, poprzez prowadzenie dzia\u0142alno\u015bci konsultacyjnej i szkoleniowej.\",\"breadcrumb\":{\"@id\":\"https:\/\/www.instytutpm.eu\/opinia-na-temat-projektu-polityka-migracyjna-polski-kierunki-dzialan-2021-2022-instytut-praw-migrantow-fundacja-ukraina\/#breadcrumb\"},\"inLanguage\":\"ua\",\"potentialAction\":[{\"@type\":\"ReadAction\",\"target\":[\"https:\/\/www.instytutpm.eu\/opinia-na-temat-projektu-polityka-migracyjna-polski-kierunki-dzialan-2021-2022-instytut-praw-migrantow-fundacja-ukraina\/\"]}]},{\"@type\":\"ImageObject\",\"inLanguage\":\"ua\",\"@id\":\"https:\/\/www.instytutpm.eu\/opinia-na-temat-projektu-polityka-migracyjna-polski-kierunki-dzialan-2021-2022-instytut-praw-migrantow-fundacja-ukraina\/#primaryimage\",\"url\":\"https:\/\/www.instytutpm.eu\/wp-content\/uploads\/2021\/07\/migration-policy.jpeg\",\"contentUrl\":\"https:\/\/www.instytutpm.eu\/wp-content\/uploads\/2021\/07\/migration-policy.jpeg\",\"width\":680,\"height\":453,\"caption\":\"migration-policy\"},{\"@type\":\"BreadcrumbList\",\"@id\":\"https:\/\/www.instytutpm.eu\/opinia-na-temat-projektu-polityka-migracyjna-polski-kierunki-dzialan-2021-2022-instytut-praw-migrantow-fundacja-ukraina\/#breadcrumb\",\"itemListElement\":[{\"@type\":\"ListItem\",\"position\":1,\"name\":\"Home\",\"item\":\"https:\/\/www.instytutpm.eu\/uk\/\"},{\"@type\":\"ListItem\",\"position\":2,\"name\":\"Opinia na temat projektu \u201cPolityka migracyjna Polski &#8211; kierunki dzia\u0142a\u0144 2021 -2022\u201d instytut praw migrant\u00f3w &#8211; fundacja Ukraina\"}]},{\"@type\":\"WebSite\",\"@id\":\"https:\/\/www.instytutpm.eu\/#website\",\"url\":\"https:\/\/www.instytutpm.eu\/\",\"name\":\"Instytut Praw Migrant\u00f3w\",\"description\":\"\u041d\u0430\u0434\u0430\u0454\u043c\u043e \u0431\u0435\u0437\u043a\u043e\u0448\u0442\u043e\u0432\u043d\u0443 \u0456\u043d\u0444\u043e\u0440\u043c\u0430\u0446\u0456\u0439\u043d\u0443 \u043f\u0456\u0434\u0442\u0440\u0438\u043c\u043a\u0443 \u0434\u043b\u044f \u043c\u0456\u0433\u0440\u0430\u043d\u0442\u0456\u0432\",\"publisher\":{\"@id\":\"https:\/\/www.instytutpm.eu\/#organization\"},\"alternateName\":\"IPM\",\"potentialAction\":[{\"@type\":\"SearchAction\",\"target\":{\"@type\":\"EntryPoint\",\"urlTemplate\":\"https:\/\/www.instytutpm.eu\/?s={search_term_string}\"},\"query-input\":\"required name=search_term_string\"}],\"inLanguage\":\"ua\"},{\"@type\":\"Organization\",\"@id\":\"https:\/\/www.instytutpm.eu\/#organization\",\"name\":\"Instytut Praw Migrant\u00f3w\",\"alternateName\":\"IPM\",\"url\":\"https:\/\/www.instytutpm.eu\/\",\"logo\":{\"@type\":\"ImageObject\",\"inLanguage\":\"ua\",\"@id\":\"https:\/\/www.instytutpm.eu\/#\/schema\/logo\/image\/\",\"url\":\"https:\/\/www.instytutpm.eu\/wp-content\/uploads\/2023\/05\/ipm-logo.jpg\",\"contentUrl\":\"https:\/\/www.instytutpm.eu\/wp-content\/uploads\/2023\/05\/ipm-logo.jpg\",\"width\":238,\"height\":238,\"caption\":\"Instytut Praw Migrant\u00f3w\"},\"image\":{\"@id\":\"https:\/\/www.instytutpm.eu\/#\/schema\/logo\/image\/\"},\"sameAs\":[\"https:\/\/www.facebook.com\/Instytutpm\",\"https:\/\/x.com\/Instytutipm\"]},{\"@type\":\"Person\",\"@id\":\"https:\/\/www.instytutpm.eu\/#\/schema\/person\/786e05d0f6f22e29b93c5ded632d8bd2\",\"name\":\"Instytut Praw Migrant\u00f3w\",\"image\":{\"@type\":\"ImageObject\",\"inLanguage\":\"ua\",\"@id\":\"https:\/\/www.instytutpm.eu\/#\/schema\/person\/image\/\",\"url\":\"https:\/\/www.instytutpm.eu\/wp-content\/uploads\/2023\/05\/instytut-praw-migrantow_avatar-96x96.jpg\",\"contentUrl\":\"https:\/\/www.instytutpm.eu\/wp-content\/uploads\/2023\/05\/instytut-praw-migrantow_avatar-96x96.jpg\",\"caption\":\"Instytut Praw Migrant\u00f3w\"},\"description\":\"Naszym celem jest kszta\u0142cenie spo\u0142ecze\u0144stwa r\u00f3wnych szans \u015bwiadomego swoich praw, poprzez prowadzenie dzia\u0142alno\u015bci konsultacyjnej i szkoleniowej.\",\"url\":\"https:\/\/www.instytutpm.eu\/uk\/author\/bp-admin\/\"}]}<\/script>\n<!-- \/ Yoast SEO plugin. -->","yoast_head_json":{"title":"Opinia na temat projektu \u201cPolityka migracyjna Polski - kierunki dzia\u0142a\u0144 2021 -2022\u201d instytut praw migrant\u00f3w - fundacja Ukraina - Institute Of Migrant Rights","description":"Naszyme celem jest kszta\u0142cenie spo\u0142ecze\u0144stwa r\u00f3wnych szans \u015bwiadomego swoich praw, poprzez prowadzenie dzia\u0142alno\u015bci konsultacyjnej i szkoleniowej.","robots":{"index":"index","follow":"follow","max-snippet":"max-snippet:-1","max-image-preview":"max-image-preview:large","max-video-preview":"max-video-preview:-1"},"canonical":"https:\/\/www.instytutpm.eu\/opinia-na-temat-projektu-polityka-migracyjna-polski-kierunki-dzialan-2021-2022-instytut-praw-migrantow-fundacja-ukraina\/","og_locale":"en_US","og_type":"article","og_title":"Opinia na temat projektu \u201cPolityka migracyjna Polski - kierunki dzia\u0142a\u0144 2021 -2022\u201d instytut praw migrant\u00f3w - fundacja Ukraina - Institute Of Migrant Rights","og_description":"Naszyme celem jest kszta\u0142cenie spo\u0142ecze\u0144stwa r\u00f3wnych szans \u015bwiadomego swoich praw, poprzez prowadzenie dzia\u0142alno\u015bci konsultacyjnej i szkoleniowej.","og_url":"https:\/\/www.instytutpm.eu\/opinia-na-temat-projektu-polityka-migracyjna-polski-kierunki-dzialan-2021-2022-instytut-praw-migrantow-fundacja-ukraina\/","og_site_name":"Institute Of Migrant Rights","article_publisher":"https:\/\/www.facebook.com\/Instytutpm","article_published_time":"2021-07-23T10:35:00+00:00","article_modified_time":"2023-05-19T09:04:24+00:00","og_image":[{"width":680,"height":453,"url":"https:\/\/www.instytutpm.eu\/wp-content\/uploads\/2021\/07\/migration-policy.jpeg","type":"image\/jpeg"}],"author":"Instytut Praw Migrant\u00f3w","twitter_card":"summary_large_image","twitter_creator":"@Instytutipm","twitter_site":"@Instytutipm","twitter_misc":{"Written by":"Instytut Praw Migrant\u00f3w","Est. reading time":"6 minutes"},"schema":{"@context":"https:\/\/schema.org","@graph":[{"@type":"Article","@id":"https:\/\/www.instytutpm.eu\/opinia-na-temat-projektu-polityka-migracyjna-polski-kierunki-dzialan-2021-2022-instytut-praw-migrantow-fundacja-ukraina\/#article","isPartOf":{"@id":"https:\/\/www.instytutpm.eu\/opinia-na-temat-projektu-polityka-migracyjna-polski-kierunki-dzialan-2021-2022-instytut-praw-migrantow-fundacja-ukraina\/"},"author":{"name":"Instytut Praw Migrant\u00f3w","@id":"https:\/\/www.instytutpm.eu\/#\/schema\/person\/786e05d0f6f22e29b93c5ded632d8bd2"},"headline":"Opinia na temat projektu \u201cPolityka migracyjna Polski &#8211; kierunki dzia\u0142a\u0144 2021 -2022\u201d instytut praw migrant\u00f3w &#8211; fundacja Ukraina","datePublished":"2021-07-23T10:35:00+00:00","dateModified":"2023-05-19T09:04:24+00:00","mainEntityOfPage":{"@id":"https:\/\/www.instytutpm.eu\/opinia-na-temat-projektu-polityka-migracyjna-polski-kierunki-dzialan-2021-2022-instytut-praw-migrantow-fundacja-ukraina\/"},"wordCount":1524,"publisher":{"@id":"https:\/\/www.instytutpm.eu\/#organization"},"image":{"@id":"https:\/\/www.instytutpm.eu\/opinia-na-temat-projektu-polityka-migracyjna-polski-kierunki-dzialan-2021-2022-instytut-praw-migrantow-fundacja-ukraina\/#primaryimage"},"thumbnailUrl":"https:\/\/www.instytutpm.eu\/wp-content\/uploads\/2021\/07\/migration-policy.jpeg","articleSection":["IPM"],"inLanguage":"ua"},{"@type":"WebPage","@id":"https:\/\/www.instytutpm.eu\/opinia-na-temat-projektu-polityka-migracyjna-polski-kierunki-dzialan-2021-2022-instytut-praw-migrantow-fundacja-ukraina\/","url":"https:\/\/www.instytutpm.eu\/opinia-na-temat-projektu-polityka-migracyjna-polski-kierunki-dzialan-2021-2022-instytut-praw-migrantow-fundacja-ukraina\/","name":"Opinia na temat projektu \u201cPolityka migracyjna Polski - kierunki dzia\u0142a\u0144 2021 -2022\u201d instytut praw migrant\u00f3w - fundacja Ukraina - Institute Of Migrant Rights","isPartOf":{"@id":"https:\/\/www.instytutpm.eu\/#website"},"primaryImageOfPage":{"@id":"https:\/\/www.instytutpm.eu\/opinia-na-temat-projektu-polityka-migracyjna-polski-kierunki-dzialan-2021-2022-instytut-praw-migrantow-fundacja-ukraina\/#primaryimage"},"image":{"@id":"https:\/\/www.instytutpm.eu\/opinia-na-temat-projektu-polityka-migracyjna-polski-kierunki-dzialan-2021-2022-instytut-praw-migrantow-fundacja-ukraina\/#primaryimage"},"thumbnailUrl":"https:\/\/www.instytutpm.eu\/wp-content\/uploads\/2021\/07\/migration-policy.jpeg","datePublished":"2021-07-23T10:35:00+00:00","dateModified":"2023-05-19T09:04:24+00:00","description":"Naszyme celem jest kszta\u0142cenie spo\u0142ecze\u0144stwa r\u00f3wnych szans \u015bwiadomego swoich praw, poprzez prowadzenie dzia\u0142alno\u015bci konsultacyjnej i szkoleniowej.","breadcrumb":{"@id":"https:\/\/www.instytutpm.eu\/opinia-na-temat-projektu-polityka-migracyjna-polski-kierunki-dzialan-2021-2022-instytut-praw-migrantow-fundacja-ukraina\/#breadcrumb"},"inLanguage":"ua","potentialAction":[{"@type":"ReadAction","target":["https:\/\/www.instytutpm.eu\/opinia-na-temat-projektu-polityka-migracyjna-polski-kierunki-dzialan-2021-2022-instytut-praw-migrantow-fundacja-ukraina\/"]}]},{"@type":"ImageObject","inLanguage":"ua","@id":"https:\/\/www.instytutpm.eu\/opinia-na-temat-projektu-polityka-migracyjna-polski-kierunki-dzialan-2021-2022-instytut-praw-migrantow-fundacja-ukraina\/#primaryimage","url":"https:\/\/www.instytutpm.eu\/wp-content\/uploads\/2021\/07\/migration-policy.jpeg","contentUrl":"https:\/\/www.instytutpm.eu\/wp-content\/uploads\/2021\/07\/migration-policy.jpeg","width":680,"height":453,"caption":"migration-policy"},{"@type":"BreadcrumbList","@id":"https:\/\/www.instytutpm.eu\/opinia-na-temat-projektu-polityka-migracyjna-polski-kierunki-dzialan-2021-2022-instytut-praw-migrantow-fundacja-ukraina\/#breadcrumb","itemListElement":[{"@type":"ListItem","position":1,"name":"Home","item":"https:\/\/www.instytutpm.eu\/uk\/"},{"@type":"ListItem","position":2,"name":"Opinia na temat projektu \u201cPolityka migracyjna Polski &#8211; kierunki dzia\u0142a\u0144 2021 -2022\u201d instytut praw migrant\u00f3w &#8211; fundacja Ukraina"}]},{"@type":"WebSite","@id":"https:\/\/www.instytutpm.eu\/#website","url":"https:\/\/www.instytutpm.eu\/","name":"Instytut Praw Migrant\u00f3w","description":"\u041d\u0430\u0434\u0430\u0454\u043c\u043e \u0431\u0435\u0437\u043a\u043e\u0448\u0442\u043e\u0432\u043d\u0443 \u0456\u043d\u0444\u043e\u0440\u043c\u0430\u0446\u0456\u0439\u043d\u0443 \u043f\u0456\u0434\u0442\u0440\u0438\u043c\u043a\u0443 \u0434\u043b\u044f \u043c\u0456\u0433\u0440\u0430\u043d\u0442\u0456\u0432","publisher":{"@id":"https:\/\/www.instytutpm.eu\/#organization"},"alternateName":"IPM","potentialAction":[{"@type":"SearchAction","target":{"@type":"EntryPoint","urlTemplate":"https:\/\/www.instytutpm.eu\/?s={search_term_string}"},"query-input":"required name=search_term_string"}],"inLanguage":"ua"},{"@type":"Organization","@id":"https:\/\/www.instytutpm.eu\/#organization","name":"Instytut Praw Migrant\u00f3w","alternateName":"IPM","url":"https:\/\/www.instytutpm.eu\/","logo":{"@type":"ImageObject","inLanguage":"ua","@id":"https:\/\/www.instytutpm.eu\/#\/schema\/logo\/image\/","url":"https:\/\/www.instytutpm.eu\/wp-content\/uploads\/2023\/05\/ipm-logo.jpg","contentUrl":"https:\/\/www.instytutpm.eu\/wp-content\/uploads\/2023\/05\/ipm-logo.jpg","width":238,"height":238,"caption":"Instytut Praw Migrant\u00f3w"},"image":{"@id":"https:\/\/www.instytutpm.eu\/#\/schema\/logo\/image\/"},"sameAs":["https:\/\/www.facebook.com\/Instytutpm","https:\/\/x.com\/Instytutipm"]},{"@type":"Person","@id":"https:\/\/www.instytutpm.eu\/#\/schema\/person\/786e05d0f6f22e29b93c5ded632d8bd2","name":"Instytut Praw Migrant\u00f3w","image":{"@type":"ImageObject","inLanguage":"ua","@id":"https:\/\/www.instytutpm.eu\/#\/schema\/person\/image\/","url":"https:\/\/www.instytutpm.eu\/wp-content\/uploads\/2023\/05\/instytut-praw-migrantow_avatar-96x96.jpg","contentUrl":"https:\/\/www.instytutpm.eu\/wp-content\/uploads\/2023\/05\/instytut-praw-migrantow_avatar-96x96.jpg","caption":"Instytut Praw Migrant\u00f3w"},"description":"Naszym celem jest kszta\u0142cenie spo\u0142ecze\u0144stwa r\u00f3wnych szans \u015bwiadomego swoich praw, poprzez prowadzenie dzia\u0142alno\u015bci konsultacyjnej i szkoleniowej.","url":"https:\/\/www.instytutpm.eu\/uk\/author\/bp-admin\/"}]}},"author_meta":{"display_name":"Instytut Praw Migrant\u00f3w","author_link":"https:\/\/www.instytutpm.eu\/uk\/author\/bp-admin\/"},"featured_img":"https:\/\/www.instytutpm.eu\/wp-content\/uploads\/2021\/07\/migration-policy-600x400.jpeg","coauthors":[],"tax_additional":{"categories":{"linked":["<a href=\"https:\/\/www.instytutpm.eu\/uk\/category\/instytut-praw-migrantow\/\" class=\"advgb-post-tax-term\">IPM<\/a>"],"unlinked":["<span class=\"advgb-post-tax-term\">IPM<\/span>"]}},"comment_count":"0","relative_dates":{"created":"Posted 5 years ago","modified":"Updated 3 years ago"},"absolute_dates":{"created":"Posted on 2021-07-23","modified":"Updated on 2023-05-19"},"absolute_dates_time":{"created":"Posted on 2021-07-23 12:35","modified":"Updated on 2023-05-19 11:04"},"featured_img_caption":"","series_order":"","_links":{"self":[{"href":"https:\/\/www.instytutpm.eu\/uk\/wp-json\/wp\/v2\/posts\/295","targetHints":{"allow":["GET"]}}],"collection":[{"href":"https:\/\/www.instytutpm.eu\/uk\/wp-json\/wp\/v2\/posts"}],"about":[{"href":"https:\/\/www.instytutpm.eu\/uk\/wp-json\/wp\/v2\/types\/post"}],"author":[{"embeddable":true,"href":"https:\/\/www.instytutpm.eu\/uk\/wp-json\/wp\/v2\/users\/2"}],"replies":[{"embeddable":true,"href":"https:\/\/www.instytutpm.eu\/uk\/wp-json\/wp\/v2\/comments?post=295"}],"version-history":[{"count":2,"href":"https:\/\/www.instytutpm.eu\/uk\/wp-json\/wp\/v2\/posts\/295\/revisions"}],"predecessor-version":[{"id":1716,"href":"https:\/\/www.instytutpm.eu\/uk\/wp-json\/wp\/v2\/posts\/295\/revisions\/1716"}],"wp:featuredmedia":[{"embeddable":true,"href":"https:\/\/www.instytutpm.eu\/uk\/wp-json\/wp\/v2\/media\/1713"}],"wp:attachment":[{"href":"https:\/\/www.instytutpm.eu\/uk\/wp-json\/wp\/v2\/media?parent=295"}],"wp:term":[{"taxonomy":"category","embeddable":true,"href":"https:\/\/www.instytutpm.eu\/uk\/wp-json\/wp\/v2\/categories?post=295"},{"taxonomy":"post_tag","embeddable":true,"href":"https:\/\/www.instytutpm.eu\/uk\/wp-json\/wp\/v2\/tags?post=295"}],"curies":[{"name":"wp","href":"https:\/\/api.w.org\/{rel}","templated":true}]}}