{"id":265,"date":"2021-04-01T12:17:00","date_gmt":"2021-04-01T10:17:00","guid":{"rendered":"https:\/\/www.instytutpm.eu\/?p=265"},"modified":"2023-05-19T11:27:26","modified_gmt":"2023-05-19T09:27:26","slug":"jestes-pracownikiem-musisz-interesowac-sie-tym-co-sie-dzieje-na-rynku-pracy","status":"publish","type":"post","link":"https:\/\/www.instytutpm.eu\/uk\/jestes-pracownikiem-musisz-interesowac-sie-tym-co-sie-dzieje-na-rynku-pracy\/","title":{"rendered":"Jeste\u015b pracownikiem? Musisz interesowa\u0107 si\u0119 tym, co si\u0119 dzieje na rynku pracy"},"content":{"rendered":"\n<p>The labor market is dynamically changing today. Although we work the most intensively in history (this also applies to mental work), our working time is still changing too slowly. Both the employee and the unemployed person should keep looking for information on how the labor market is changing and what rights they are entitled to.<\/p>\n\n\n\n<figure class=\"wp-block-image size-full\"><img loading=\"lazy\" decoding=\"async\" width=\"1200\" height=\"1390\" src=\"https:\/\/www.instytutpm.eu\/wp-content\/uploads\/2021\/04\/rynku-pracy.webp\" alt=\"rynku-pracy\" class=\"wp-image-1745\"\/><\/figure>\n\n\n\n<p>Rynek pracy zmienia si\u0119 dzi\u015b w dynamicznym tempie. Cho\u0107 pracujemy najintensywniej w historii (dotyczy to tak\u017ce pracy umys\u0142owej), czas naszej pracy wci\u0105\u017c zmienia si\u0119 zbyt wolno. Zar\u00f3wno pracownik, jak i osoba bezrobotna powinni na bie\u017c\u0105co poszukiwa\u0107 informacji na temat tego, jak zmienia si\u0119 rynek pracy, oraz jakie prawa im przys\u0142uguj\u0105.&nbsp; Rozw\u00f3j nowych technologii, przemiany zachodz\u0105ce w strukturze zatrudnienia, rosn\u0105ce znaczenie sektora us\u0142ug oraz sytuacja ekonomiczno-spo\u0142eczna w kraju to tylko niekt\u00f3re z czynnik\u00f3w, kt\u00f3re znacz\u0105co wp\u0142ywaj\u0105 na zapotrzebowanie na okre\u015blone zawody i specjalizacje. S\u0105 w\u015br\u00f3d nich takie, kt\u00f3re ciesz\u0105 si\u0119 bardzo du\u017cym zainteresowaniem i takie, na kt\u00f3re zapotrzebowanie powoli zanika. Znajomo\u015b\u0107 mechanizm\u00f3w rz\u0105dz\u0105cych rynkiem pracy mo\u017ce u\u0142atwi\u0107 ukierunkowanie swojej \u015bcie\u017cki zawodowej. Na tym jednak sprawczo\u015b\u0107 pracownika nie powinna si\u0119 ko\u0144czy\u0107. Logika kapitalizmu domaga si\u0119 w\u0142\u0105czenia jak najwi\u0119kszej masy os\u00f3b w proces produkcyjny, ale ich fundamentalne prawa cz\u0119sto nie s\u0105 brane pod uwag\u0119. Tymczasem praca coraz bardziej \u201erozlewa si\u0119\u201d na wszystkie obszary naszego \u017cycia, zw\u0142aszcza w czasie pandemii i pracy zdalnej, trudno odr\u00f3\u017cni\u0107, kiedy ko\u0144czy si\u0119 praca, a kiedy zaczyna \u017cycie prywatne. W tych czasach szczeg\u00f3lnie warto interesowa\u0107 si\u0119 rynkiem i prawem pracy.<\/p>\n\n\n\n<h2 class=\"wp-block-heading\"><strong>Mechanizmy rz\u0105dz\u0105ce rynkiem pracy<\/strong><\/h2>\n\n\n\n<p>Ka\u017cdy powinien zna\u0107 metody aktywnego poszukiwania pracy, zna\u0107 adresy instytucji wspomagaj\u0105cych osoby bezrobotne, korzysta\u0107 z r\u00f3\u017cnych \u017ar\u00f3de\u0142 informacji o miejscach pracy, mie\u0107 dost\u0119p do informacji jak sporz\u0105dzi\u0107 odpowiednie CV i list motywacyjny.&nbsp;<strong>Wynagrodzenie<\/strong>&nbsp;<strong>pracownika<\/strong>&nbsp;(sprzedaje on przecie\u017c swoj\u0105 prac\u0119) uzale\u017cnione jest od pracodawcy, kt\u00f3ry zobowi\u0105zany jest wynagradza\u0107 odpowiednio do ilo\u015bci po\u015bwi\u0119conego czasu oraz obowi\u0105zuj\u0105cych w danej bran\u017cy stawek. Wa\u017cne poj\u0119cia z perspektywy pracownika to: czas pracy, bezpiecze\u0144stwo i higiena pracy, r\u00f3wne traktowanie w zatrudnieniu, mobbing, wynagrodzenie, obowi\u0105zuj\u0105ca minimalna stawka godzinowa. Warto zna\u0107 r\u00f3wnie\u017c r\u00f3\u017cne&nbsp;<strong>formy zatrudnienia<\/strong>&nbsp;(na przyk\u0142ad najwa\u017cniejsze r\u00f3\u017cnice mi\u0119dzy Kodeksem pracy a Kodeksem cywilnym), zna\u0107 wady i zalety pracy czasowej, by\u0107 w stanie okre\u015bli\u0107 r\u00f3\u017cnice mi\u0119dzy umow\u0105 o prac\u0119 a umow\u0105 zleceniem i umow\u0105 o dzie\u0142o. Mo\u017ce to uchroni\u0107 pracownika przed nadu\u017cyciami ze strony pracodawcy, na przyk\u0142ad przed podpisaniem wadliwie skonstruowanej umowy. Umiej\u0119tno\u015b\u0107 analizy umowy pod wzgl\u0119dem zamieszczenia w niej wszystkich niezb\u0119dnych informacji oraz znajomo\u015b\u0107 specyfiki poszczeg\u00f3lnych rodzaj\u00f3w um\u00f3w s\u0105 do tego niezb\u0119dne. Warto rozumie\u0107 tak\u017ce&nbsp;<strong>specyfik\u0119 zatrudnienia os\u00f3b niepe\u0142nosprawnych<\/strong>, nawet je\u017celi problem ten nas nie dotyczy. Wiedza na temat rynku pracy powinna obejmowa\u0107 rol\u0119 pracodawcy\/pracownika, praw gospodarki wolnorynkowej (poda\u017c\u0307 pracy, popyt na prac\u0119) oraz najwa\u017cniejszych przepis\u00f3w prawa pracy. Kluczowa jest tak\u017ce&nbsp;<strong>umiej\u0119tno\u015b\u0107 wykrywania i oceniania nieetycznych zachowa\u0144 pracodawcy wobec pracownika<\/strong>. Warto wiedzie\u0107, jaki jest poziom uzwi\u0105zkowienia, w tym realny wp\u0142yw zwi\u0105zk\u00f3w zawodowych na polityk\u0119 pracownicz\u0105 oraz to, \u017ce zwi\u0105zkom zawodowym przys\u0142uguje prawo do organizowania strajk\u00f3w pracowniczych i innych form protestu.<\/p>\n\n\n\n<p>Pracownik powinien posiada\u0107 wiedz\u0119 na temat&nbsp;<strong>rodzaj\u00f3w urlop\u00f3w<\/strong>, kt\u00f3re mu przys\u0142uguj\u0105 oraz zna\u0107 obowi\u0105zki pracodawcy w zakresie rozwi\u0105zania umowy o prac\u0119, po to, aby korzysta\u0107 z przepis\u00f3w prawnych zawartych w Kodeksie pracy i Kodeksie post\u0119powania cywilnego, dotycz\u0105cych spor\u00f3w i roszcze\u0144, wynikaj\u0105cych ze stosunku pracy oraz r\u00f3\u017cnych form zatrudnienia. Warto wiedzie\u0107, jak wygl\u0105da&nbsp;<strong>tryb dochodzenia przez pracownika swoich praw przed s\u0105dem pracy.<\/strong><\/p>\n\n\n\n<p><em>Godna praca oraz r\u00f3wno\u015b\u0107 szans i traktowania wszystkich bez wzgl\u0119du na p\u0142e\u0107, wiek lub wyznanie s\u0105 jednymi z najbardziej fundamentalnych praw ka\u017cdego cz\u0142owieka. \u0141\u0105cz\u0105 w sobie kilka podstawowych element\u00f3w: zar\u00f3wno dost\u0119p do odpowiednio p\u0142atnej pracy, bezpiecze\u0144stwo w miejscu pracy, ochron\u0119 spo\u0142eczn\u0105, perspektywy rozwoju osobistego i integracji spo\u0142ecznej, jak i wolno\u015b\u0107 jednostki do wyra\u017cania swoich \u017c\u0105da\u0144, organizowania si\u0119 i uczestniczenia w decyzjach, kt\u00f3re maj\u0105 wp\u0142yw na jej \u017cycie.<\/em><\/p>\n","protected":false},"excerpt":{"rendered":"<p>The labor market is dynamically changing today. Although we work the most intensively in history (this also applies to mental work), our working time is still changing too slowly. Both the employee and the unemployed person should keep looking for information on how the labor market is changing and what rights they are entitled to&#8230;.<\/p>\n","protected":false},"author":2,"featured_media":1745,"comment_status":"closed","ping_status":"closed","sticky":false,"template":"","format":"standard","meta":{"inline_featured_image":false,"advgb_blocks_editor_width":"","advgb_blocks_columns_visual_guide":"","footnotes":""},"categories":[1,27],"tags":[],"class_list":["post-265","post","type-post","status-publish","format-standard","has-post-thumbnail","hentry","category-instytut-praw-migrantow","category-praca"],"yoast_head":"<!-- This site is optimized with the Yoast SEO plugin v23.0 - https:\/\/yoast.com\/wordpress\/plugins\/seo\/ -->\n<title>Jeste\u015b pracownikiem? Musisz interesowa\u0107 si\u0119 tym, co si\u0119 dzieje na rynku pracy - Institute Of Migrant Rights<\/title>\n<meta name=\"description\" content=\"Naszyme celem jest kszta\u0142cenie spo\u0142ecze\u0144stwa r\u00f3wnych szans \u015bwiadomego swoich praw, poprzez prowadzenie dzia\u0142alno\u015bci konsultacyjnej i szkoleniowej.\" \/>\n<meta name=\"robots\" content=\"index, follow, max-snippet:-1, max-image-preview:large, max-video-preview:-1\" \/>\n<link rel=\"canonical\" href=\"https:\/\/www.instytutpm.eu\/jestes-pracownikiem-musisz-interesowac-sie-tym-co-sie-dzieje-na-rynku-pracy\/\" \/>\n<meta property=\"og:locale\" content=\"en_US\" \/>\n<meta property=\"og:type\" content=\"article\" \/>\n<meta property=\"og:title\" content=\"Jeste\u015b pracownikiem? Musisz interesowa\u0107 si\u0119 tym, co si\u0119 dzieje na rynku pracy - Institute Of Migrant Rights\" \/>\n<meta property=\"og:description\" content=\"Naszyme celem jest kszta\u0142cenie spo\u0142ecze\u0144stwa r\u00f3wnych szans \u015bwiadomego swoich praw, poprzez prowadzenie dzia\u0142alno\u015bci konsultacyjnej i szkoleniowej.\" \/>\n<meta property=\"og:url\" content=\"https:\/\/www.instytutpm.eu\/jestes-pracownikiem-musisz-interesowac-sie-tym-co-sie-dzieje-na-rynku-pracy\/\" \/>\n<meta property=\"og:site_name\" content=\"Institute Of Migrant Rights\" \/>\n<meta property=\"article:publisher\" content=\"https:\/\/www.facebook.com\/Instytutpm\" \/>\n<meta property=\"article:published_time\" content=\"2021-04-01T10:17:00+00:00\" \/>\n<meta property=\"article:modified_time\" content=\"2023-05-19T09:27:26+00:00\" \/>\n<meta property=\"og:image\" content=\"https:\/\/www.instytutpm.eu\/wp-content\/uploads\/2021\/04\/rynku-pracy.webp\" \/>\n\t<meta property=\"og:image:width\" content=\"1200\" \/>\n\t<meta property=\"og:image:height\" content=\"1390\" \/>\n\t<meta property=\"og:image:type\" content=\"image\/webp\" \/>\n<meta name=\"author\" content=\"Instytut Praw Migrant\u00f3w\" \/>\n<meta name=\"twitter:card\" content=\"summary_large_image\" \/>\n<meta name=\"twitter:creator\" content=\"@Instytutipm\" \/>\n<meta name=\"twitter:site\" content=\"@Instytutipm\" \/>\n<meta name=\"twitter:label1\" content=\"Written by\" \/>\n\t<meta name=\"twitter:data1\" content=\"Instytut Praw Migrant\u00f3w\" \/>\n\t<meta name=\"twitter:label2\" content=\"Est. reading time\" \/>\n\t<meta name=\"twitter:data2\" content=\"3 minutes\" \/>\n<script type=\"application\/ld+json\" class=\"yoast-schema-graph\">{\"@context\":\"https:\/\/schema.org\",\"@graph\":[{\"@type\":\"Article\",\"@id\":\"https:\/\/www.instytutpm.eu\/jestes-pracownikiem-musisz-interesowac-sie-tym-co-sie-dzieje-na-rynku-pracy\/#article\",\"isPartOf\":{\"@id\":\"https:\/\/www.instytutpm.eu\/jestes-pracownikiem-musisz-interesowac-sie-tym-co-sie-dzieje-na-rynku-pracy\/\"},\"author\":{\"name\":\"Instytut Praw Migrant\u00f3w\",\"@id\":\"https:\/\/www.instytutpm.eu\/#\/schema\/person\/786e05d0f6f22e29b93c5ded632d8bd2\"},\"headline\":\"Jeste\u015b pracownikiem? Musisz interesowa\u0107 si\u0119 tym, co si\u0119 dzieje na rynku pracy\",\"datePublished\":\"2021-04-01T10:17:00+00:00\",\"dateModified\":\"2023-05-19T09:27:26+00:00\",\"mainEntityOfPage\":{\"@id\":\"https:\/\/www.instytutpm.eu\/jestes-pracownikiem-musisz-interesowac-sie-tym-co-sie-dzieje-na-rynku-pracy\/\"},\"wordCount\":747,\"publisher\":{\"@id\":\"https:\/\/www.instytutpm.eu\/#organization\"},\"image\":{\"@id\":\"https:\/\/www.instytutpm.eu\/jestes-pracownikiem-musisz-interesowac-sie-tym-co-sie-dzieje-na-rynku-pracy\/#primaryimage\"},\"thumbnailUrl\":\"https:\/\/www.instytutpm.eu\/wp-content\/uploads\/2021\/04\/rynku-pracy.webp\",\"articleSection\":[\"IPM\",\"Praca\"],\"inLanguage\":\"ua\"},{\"@type\":\"WebPage\",\"@id\":\"https:\/\/www.instytutpm.eu\/jestes-pracownikiem-musisz-interesowac-sie-tym-co-sie-dzieje-na-rynku-pracy\/\",\"url\":\"https:\/\/www.instytutpm.eu\/jestes-pracownikiem-musisz-interesowac-sie-tym-co-sie-dzieje-na-rynku-pracy\/\",\"name\":\"Jeste\u015b pracownikiem? Musisz interesowa\u0107 si\u0119 tym, co si\u0119 dzieje na rynku pracy - Institute Of Migrant Rights\",\"isPartOf\":{\"@id\":\"https:\/\/www.instytutpm.eu\/#website\"},\"primaryImageOfPage\":{\"@id\":\"https:\/\/www.instytutpm.eu\/jestes-pracownikiem-musisz-interesowac-sie-tym-co-sie-dzieje-na-rynku-pracy\/#primaryimage\"},\"image\":{\"@id\":\"https:\/\/www.instytutpm.eu\/jestes-pracownikiem-musisz-interesowac-sie-tym-co-sie-dzieje-na-rynku-pracy\/#primaryimage\"},\"thumbnailUrl\":\"https:\/\/www.instytutpm.eu\/wp-content\/uploads\/2021\/04\/rynku-pracy.webp\",\"datePublished\":\"2021-04-01T10:17:00+00:00\",\"dateModified\":\"2023-05-19T09:27:26+00:00\",\"description\":\"Naszyme celem jest kszta\u0142cenie spo\u0142ecze\u0144stwa r\u00f3wnych szans \u015bwiadomego swoich praw, poprzez prowadzenie dzia\u0142alno\u015bci konsultacyjnej i szkoleniowej.\",\"breadcrumb\":{\"@id\":\"https:\/\/www.instytutpm.eu\/jestes-pracownikiem-musisz-interesowac-sie-tym-co-sie-dzieje-na-rynku-pracy\/#breadcrumb\"},\"inLanguage\":\"ua\",\"potentialAction\":[{\"@type\":\"ReadAction\",\"target\":[\"https:\/\/www.instytutpm.eu\/jestes-pracownikiem-musisz-interesowac-sie-tym-co-sie-dzieje-na-rynku-pracy\/\"]}]},{\"@type\":\"ImageObject\",\"inLanguage\":\"ua\",\"@id\":\"https:\/\/www.instytutpm.eu\/jestes-pracownikiem-musisz-interesowac-sie-tym-co-sie-dzieje-na-rynku-pracy\/#primaryimage\",\"url\":\"https:\/\/www.instytutpm.eu\/wp-content\/uploads\/2021\/04\/rynku-pracy.webp\",\"contentUrl\":\"https:\/\/www.instytutpm.eu\/wp-content\/uploads\/2021\/04\/rynku-pracy.webp\",\"width\":1200,\"height\":1390,\"caption\":\"rynku-pracy\"},{\"@type\":\"BreadcrumbList\",\"@id\":\"https:\/\/www.instytutpm.eu\/jestes-pracownikiem-musisz-interesowac-sie-tym-co-sie-dzieje-na-rynku-pracy\/#breadcrumb\",\"itemListElement\":[{\"@type\":\"ListItem\",\"position\":1,\"name\":\"Home\",\"item\":\"https:\/\/www.instytutpm.eu\/uk\/\"},{\"@type\":\"ListItem\",\"position\":2,\"name\":\"Jeste\u015b pracownikiem? Musisz interesowa\u0107 si\u0119 tym, co si\u0119 dzieje na rynku pracy\"}]},{\"@type\":\"WebSite\",\"@id\":\"https:\/\/www.instytutpm.eu\/#website\",\"url\":\"https:\/\/www.instytutpm.eu\/\",\"name\":\"Instytut Praw Migrant\u00f3w\",\"description\":\"\u041d\u0430\u0434\u0430\u0454\u043c\u043e \u0431\u0435\u0437\u043a\u043e\u0448\u0442\u043e\u0432\u043d\u0443 \u0456\u043d\u0444\u043e\u0440\u043c\u0430\u0446\u0456\u0439\u043d\u0443 \u043f\u0456\u0434\u0442\u0440\u0438\u043c\u043a\u0443 \u0434\u043b\u044f \u043c\u0456\u0433\u0440\u0430\u043d\u0442\u0456\u0432\",\"publisher\":{\"@id\":\"https:\/\/www.instytutpm.eu\/#organization\"},\"alternateName\":\"IPM\",\"potentialAction\":[{\"@type\":\"SearchAction\",\"target\":{\"@type\":\"EntryPoint\",\"urlTemplate\":\"https:\/\/www.instytutpm.eu\/?s={search_term_string}\"},\"query-input\":\"required name=search_term_string\"}],\"inLanguage\":\"ua\"},{\"@type\":\"Organization\",\"@id\":\"https:\/\/www.instytutpm.eu\/#organization\",\"name\":\"Instytut Praw Migrant\u00f3w\",\"alternateName\":\"IPM\",\"url\":\"https:\/\/www.instytutpm.eu\/\",\"logo\":{\"@type\":\"ImageObject\",\"inLanguage\":\"ua\",\"@id\":\"https:\/\/www.instytutpm.eu\/#\/schema\/logo\/image\/\",\"url\":\"https:\/\/www.instytutpm.eu\/wp-content\/uploads\/2023\/05\/ipm-logo.jpg\",\"contentUrl\":\"https:\/\/www.instytutpm.eu\/wp-content\/uploads\/2023\/05\/ipm-logo.jpg\",\"width\":238,\"height\":238,\"caption\":\"Instytut Praw Migrant\u00f3w\"},\"image\":{\"@id\":\"https:\/\/www.instytutpm.eu\/#\/schema\/logo\/image\/\"},\"sameAs\":[\"https:\/\/www.facebook.com\/Instytutpm\",\"https:\/\/x.com\/Instytutipm\"]},{\"@type\":\"Person\",\"@id\":\"https:\/\/www.instytutpm.eu\/#\/schema\/person\/786e05d0f6f22e29b93c5ded632d8bd2\",\"name\":\"Instytut Praw Migrant\u00f3w\",\"image\":{\"@type\":\"ImageObject\",\"inLanguage\":\"ua\",\"@id\":\"https:\/\/www.instytutpm.eu\/#\/schema\/person\/image\/\",\"url\":\"https:\/\/www.instytutpm.eu\/wp-content\/uploads\/2023\/05\/instytut-praw-migrantow_avatar-96x96.jpg\",\"contentUrl\":\"https:\/\/www.instytutpm.eu\/wp-content\/uploads\/2023\/05\/instytut-praw-migrantow_avatar-96x96.jpg\",\"caption\":\"Instytut Praw Migrant\u00f3w\"},\"description\":\"Naszym celem jest kszta\u0142cenie spo\u0142ecze\u0144stwa r\u00f3wnych szans \u015bwiadomego swoich praw, poprzez prowadzenie dzia\u0142alno\u015bci konsultacyjnej i szkoleniowej.\",\"url\":\"https:\/\/www.instytutpm.eu\/uk\/author\/bp-admin\/\"}]}<\/script>\n<!-- \/ Yoast SEO plugin. -->","yoast_head_json":{"title":"Jeste\u015b pracownikiem? Musisz interesowa\u0107 si\u0119 tym, co si\u0119 dzieje na rynku pracy - Institute Of Migrant Rights","description":"Naszyme celem jest kszta\u0142cenie spo\u0142ecze\u0144stwa r\u00f3wnych szans \u015bwiadomego swoich praw, poprzez prowadzenie dzia\u0142alno\u015bci konsultacyjnej i szkoleniowej.","robots":{"index":"index","follow":"follow","max-snippet":"max-snippet:-1","max-image-preview":"max-image-preview:large","max-video-preview":"max-video-preview:-1"},"canonical":"https:\/\/www.instytutpm.eu\/jestes-pracownikiem-musisz-interesowac-sie-tym-co-sie-dzieje-na-rynku-pracy\/","og_locale":"en_US","og_type":"article","og_title":"Jeste\u015b pracownikiem? Musisz interesowa\u0107 si\u0119 tym, co si\u0119 dzieje na rynku pracy - Institute Of Migrant Rights","og_description":"Naszyme celem jest kszta\u0142cenie spo\u0142ecze\u0144stwa r\u00f3wnych szans \u015bwiadomego swoich praw, poprzez prowadzenie dzia\u0142alno\u015bci konsultacyjnej i szkoleniowej.","og_url":"https:\/\/www.instytutpm.eu\/jestes-pracownikiem-musisz-interesowac-sie-tym-co-sie-dzieje-na-rynku-pracy\/","og_site_name":"Institute Of Migrant Rights","article_publisher":"https:\/\/www.facebook.com\/Instytutpm","article_published_time":"2021-04-01T10:17:00+00:00","article_modified_time":"2023-05-19T09:27:26+00:00","og_image":[{"width":1200,"height":1390,"url":"https:\/\/www.instytutpm.eu\/wp-content\/uploads\/2021\/04\/rynku-pracy.webp","type":"image\/webp"}],"author":"Instytut Praw Migrant\u00f3w","twitter_card":"summary_large_image","twitter_creator":"@Instytutipm","twitter_site":"@Instytutipm","twitter_misc":{"Written by":"Instytut Praw Migrant\u00f3w","Est. reading time":"3 minutes"},"schema":{"@context":"https:\/\/schema.org","@graph":[{"@type":"Article","@id":"https:\/\/www.instytutpm.eu\/jestes-pracownikiem-musisz-interesowac-sie-tym-co-sie-dzieje-na-rynku-pracy\/#article","isPartOf":{"@id":"https:\/\/www.instytutpm.eu\/jestes-pracownikiem-musisz-interesowac-sie-tym-co-sie-dzieje-na-rynku-pracy\/"},"author":{"name":"Instytut Praw Migrant\u00f3w","@id":"https:\/\/www.instytutpm.eu\/#\/schema\/person\/786e05d0f6f22e29b93c5ded632d8bd2"},"headline":"Jeste\u015b pracownikiem? Musisz interesowa\u0107 si\u0119 tym, co si\u0119 dzieje na rynku pracy","datePublished":"2021-04-01T10:17:00+00:00","dateModified":"2023-05-19T09:27:26+00:00","mainEntityOfPage":{"@id":"https:\/\/www.instytutpm.eu\/jestes-pracownikiem-musisz-interesowac-sie-tym-co-sie-dzieje-na-rynku-pracy\/"},"wordCount":747,"publisher":{"@id":"https:\/\/www.instytutpm.eu\/#organization"},"image":{"@id":"https:\/\/www.instytutpm.eu\/jestes-pracownikiem-musisz-interesowac-sie-tym-co-sie-dzieje-na-rynku-pracy\/#primaryimage"},"thumbnailUrl":"https:\/\/www.instytutpm.eu\/wp-content\/uploads\/2021\/04\/rynku-pracy.webp","articleSection":["IPM","Praca"],"inLanguage":"ua"},{"@type":"WebPage","@id":"https:\/\/www.instytutpm.eu\/jestes-pracownikiem-musisz-interesowac-sie-tym-co-sie-dzieje-na-rynku-pracy\/","url":"https:\/\/www.instytutpm.eu\/jestes-pracownikiem-musisz-interesowac-sie-tym-co-sie-dzieje-na-rynku-pracy\/","name":"Jeste\u015b pracownikiem? Musisz interesowa\u0107 si\u0119 tym, co si\u0119 dzieje na rynku pracy - Institute Of Migrant Rights","isPartOf":{"@id":"https:\/\/www.instytutpm.eu\/#website"},"primaryImageOfPage":{"@id":"https:\/\/www.instytutpm.eu\/jestes-pracownikiem-musisz-interesowac-sie-tym-co-sie-dzieje-na-rynku-pracy\/#primaryimage"},"image":{"@id":"https:\/\/www.instytutpm.eu\/jestes-pracownikiem-musisz-interesowac-sie-tym-co-sie-dzieje-na-rynku-pracy\/#primaryimage"},"thumbnailUrl":"https:\/\/www.instytutpm.eu\/wp-content\/uploads\/2021\/04\/rynku-pracy.webp","datePublished":"2021-04-01T10:17:00+00:00","dateModified":"2023-05-19T09:27:26+00:00","description":"Naszyme celem jest kszta\u0142cenie spo\u0142ecze\u0144stwa r\u00f3wnych szans \u015bwiadomego swoich praw, poprzez prowadzenie dzia\u0142alno\u015bci konsultacyjnej i szkoleniowej.","breadcrumb":{"@id":"https:\/\/www.instytutpm.eu\/jestes-pracownikiem-musisz-interesowac-sie-tym-co-sie-dzieje-na-rynku-pracy\/#breadcrumb"},"inLanguage":"ua","potentialAction":[{"@type":"ReadAction","target":["https:\/\/www.instytutpm.eu\/jestes-pracownikiem-musisz-interesowac-sie-tym-co-sie-dzieje-na-rynku-pracy\/"]}]},{"@type":"ImageObject","inLanguage":"ua","@id":"https:\/\/www.instytutpm.eu\/jestes-pracownikiem-musisz-interesowac-sie-tym-co-sie-dzieje-na-rynku-pracy\/#primaryimage","url":"https:\/\/www.instytutpm.eu\/wp-content\/uploads\/2021\/04\/rynku-pracy.webp","contentUrl":"https:\/\/www.instytutpm.eu\/wp-content\/uploads\/2021\/04\/rynku-pracy.webp","width":1200,"height":1390,"caption":"rynku-pracy"},{"@type":"BreadcrumbList","@id":"https:\/\/www.instytutpm.eu\/jestes-pracownikiem-musisz-interesowac-sie-tym-co-sie-dzieje-na-rynku-pracy\/#breadcrumb","itemListElement":[{"@type":"ListItem","position":1,"name":"Home","item":"https:\/\/www.instytutpm.eu\/uk\/"},{"@type":"ListItem","position":2,"name":"Jeste\u015b pracownikiem? Musisz interesowa\u0107 si\u0119 tym, co si\u0119 dzieje na rynku pracy"}]},{"@type":"WebSite","@id":"https:\/\/www.instytutpm.eu\/#website","url":"https:\/\/www.instytutpm.eu\/","name":"Instytut Praw Migrant\u00f3w","description":"\u041d\u0430\u0434\u0430\u0454\u043c\u043e \u0431\u0435\u0437\u043a\u043e\u0448\u0442\u043e\u0432\u043d\u0443 \u0456\u043d\u0444\u043e\u0440\u043c\u0430\u0446\u0456\u0439\u043d\u0443 \u043f\u0456\u0434\u0442\u0440\u0438\u043c\u043a\u0443 \u0434\u043b\u044f \u043c\u0456\u0433\u0440\u0430\u043d\u0442\u0456\u0432","publisher":{"@id":"https:\/\/www.instytutpm.eu\/#organization"},"alternateName":"IPM","potentialAction":[{"@type":"SearchAction","target":{"@type":"EntryPoint","urlTemplate":"https:\/\/www.instytutpm.eu\/?s={search_term_string}"},"query-input":"required name=search_term_string"}],"inLanguage":"ua"},{"@type":"Organization","@id":"https:\/\/www.instytutpm.eu\/#organization","name":"Instytut Praw Migrant\u00f3w","alternateName":"IPM","url":"https:\/\/www.instytutpm.eu\/","logo":{"@type":"ImageObject","inLanguage":"ua","@id":"https:\/\/www.instytutpm.eu\/#\/schema\/logo\/image\/","url":"https:\/\/www.instytutpm.eu\/wp-content\/uploads\/2023\/05\/ipm-logo.jpg","contentUrl":"https:\/\/www.instytutpm.eu\/wp-content\/uploads\/2023\/05\/ipm-logo.jpg","width":238,"height":238,"caption":"Instytut Praw Migrant\u00f3w"},"image":{"@id":"https:\/\/www.instytutpm.eu\/#\/schema\/logo\/image\/"},"sameAs":["https:\/\/www.facebook.com\/Instytutpm","https:\/\/x.com\/Instytutipm"]},{"@type":"Person","@id":"https:\/\/www.instytutpm.eu\/#\/schema\/person\/786e05d0f6f22e29b93c5ded632d8bd2","name":"Instytut Praw Migrant\u00f3w","image":{"@type":"ImageObject","inLanguage":"ua","@id":"https:\/\/www.instytutpm.eu\/#\/schema\/person\/image\/","url":"https:\/\/www.instytutpm.eu\/wp-content\/uploads\/2023\/05\/instytut-praw-migrantow_avatar-96x96.jpg","contentUrl":"https:\/\/www.instytutpm.eu\/wp-content\/uploads\/2023\/05\/instytut-praw-migrantow_avatar-96x96.jpg","caption":"Instytut Praw Migrant\u00f3w"},"description":"Naszym celem jest kszta\u0142cenie spo\u0142ecze\u0144stwa r\u00f3wnych szans \u015bwiadomego swoich praw, poprzez prowadzenie dzia\u0142alno\u015bci konsultacyjnej i szkoleniowej.","url":"https:\/\/www.instytutpm.eu\/uk\/author\/bp-admin\/"}]}},"author_meta":{"display_name":"Instytut Praw Migrant\u00f3w","author_link":"https:\/\/www.instytutpm.eu\/uk\/author\/bp-admin\/"},"featured_img":"https:\/\/www.instytutpm.eu\/wp-content\/uploads\/2021\/04\/rynku-pracy-518x600.webp","coauthors":[],"tax_additional":{"categories":{"linked":["<a href=\"https:\/\/www.instytutpm.eu\/uk\/category\/instytut-praw-migrantow\/\" class=\"advgb-post-tax-term\">IPM<\/a>","<a href=\"https:\/\/www.instytutpm.eu\/uk\/category\/praca\/\" class=\"advgb-post-tax-term\">Praca<\/a>"],"unlinked":["<span class=\"advgb-post-tax-term\">IPM<\/span>","<span class=\"advgb-post-tax-term\">Praca<\/span>"]}},"comment_count":"0","relative_dates":{"created":"Posted 5 years ago","modified":"Updated 3 years ago"},"absolute_dates":{"created":"Posted on 2021-04-01","modified":"Updated on 2023-05-19"},"absolute_dates_time":{"created":"Posted on 2021-04-01 12:17","modified":"Updated on 2023-05-19 11:27"},"featured_img_caption":"","series_order":"","_links":{"self":[{"href":"https:\/\/www.instytutpm.eu\/uk\/wp-json\/wp\/v2\/posts\/265","targetHints":{"allow":["GET"]}}],"collection":[{"href":"https:\/\/www.instytutpm.eu\/uk\/wp-json\/wp\/v2\/posts"}],"about":[{"href":"https:\/\/www.instytutpm.eu\/uk\/wp-json\/wp\/v2\/types\/post"}],"author":[{"embeddable":true,"href":"https:\/\/www.instytutpm.eu\/uk\/wp-json\/wp\/v2\/users\/2"}],"replies":[{"embeddable":true,"href":"https:\/\/www.instytutpm.eu\/uk\/wp-json\/wp\/v2\/comments?post=265"}],"version-history":[{"count":2,"href":"https:\/\/www.instytutpm.eu\/uk\/wp-json\/wp\/v2\/posts\/265\/revisions"}],"predecessor-version":[{"id":1748,"href":"https:\/\/www.instytutpm.eu\/uk\/wp-json\/wp\/v2\/posts\/265\/revisions\/1748"}],"wp:featuredmedia":[{"embeddable":true,"href":"https:\/\/www.instytutpm.eu\/uk\/wp-json\/wp\/v2\/media\/1745"}],"wp:attachment":[{"href":"https:\/\/www.instytutpm.eu\/uk\/wp-json\/wp\/v2\/media?parent=265"}],"wp:term":[{"taxonomy":"category","embeddable":true,"href":"https:\/\/www.instytutpm.eu\/uk\/wp-json\/wp\/v2\/categories?post=265"},{"taxonomy":"post_tag","embeddable":true,"href":"https:\/\/www.instytutpm.eu\/uk\/wp-json\/wp\/v2\/tags?post=265"}],"curies":[{"name":"wp","href":"https:\/\/api.w.org\/{rel}","templated":true}]}}