{"id":2610,"date":"2025-02-15T13:14:32","date_gmt":"2025-02-15T12:14:32","guid":{"rendered":"https:\/\/www.instytutpm.eu\/?p=2610"},"modified":"2025-03-31T14:06:35","modified_gmt":"2025-03-31T12:06:35","slug":"rozliczenie-pit-za-2024-rok-wazne-informacje","status":"publish","type":"post","link":"https:\/\/www.instytutpm.eu\/en\/rozliczenie-pit-za-2024-rok-wazne-informacje\/","title":{"rendered":"Rozliczenie PIT za 2024 rok \u2013 wa\u017cne informacje!"},"content":{"rendered":"\n<figure class=\"wp-block-image size-large\"><img loading=\"lazy\" decoding=\"async\" width=\"1440\" height=\"728\" src=\"https:\/\/www.instytutpm.eu\/wp-content\/uploads\/2025\/02\/img_8493-1440x728.png\" alt=\"\" class=\"wp-image-2597\"\/><\/figure>\n\n\n\n<h3 class=\"wp-block-heading\"><strong>Od 15 lutego 2025 roku mo\u017cna sk\u0142ada\u0107 deklaracje podatkowe i ubiega\u0107 si\u0119 o zwrot nadp\u0142aconego podatku za 2024 rok.<\/strong><\/h3>\n\n\n\n<p>Wraz z pocz\u0105tkiem lutego rozpocz\u0119\u0142a si\u0119 mo\u017cliwo\u015b\u0107 sk\u0142adania deklaracji podatkowych na rok 2024. To wa\u017cny moment dla wszystkich podatnik\u00f3w, kt\u00f3rzy chc\u0105 rozliczy\u0107 si\u0119 z administracj\u0105 skarbow\u0105 oraz skorzysta\u0107 z przys\u0142uguj\u0105cych im ulg i zwrot\u00f3w. Poni\u017cej znajduj\u0105 si\u0119 kluczowe informacje na temat sk\u0142adania deklaracji PIT, termin\u00f3w oraz warunk\u00f3w uzyskania zwrotu podatku.<\/p>\n\n\n\n<h3 class=\"wp-block-heading\"><strong>Terminy sk\u0142adania deklaracji<\/strong><\/h3>\n\n\n\n<p><strong>Termin sk\u0142adania deklaracji zale\u017cy od rodzaju formularza:<\/strong><\/p>\n\n\n\n<ul class=\"wp-block-list\">\n<li><strong>Do 28 lutego 2025 roku<\/strong>&nbsp;\u2013 PIT-16, PIT-16A<\/li>\n\n\n\n<li><strong>Do 30 kwietnia 2025 roku<\/strong>&nbsp;\u2013 PIT-28, PIT-36, PIT-36L, PIT-37, PIT-38, PIT-39<\/li>\n<\/ul>\n\n\n\n<p><strong>PIT-37<\/strong>&nbsp;to najpopularniejsza deklaracja podatkowa, przeznaczona dla pracownik\u00f3w, kt\u00f3rzy nie prowadz\u0105 dzia\u0142alno\u015bci gospodarczej. Wype\u0142nia si\u0119 j\u0105 na podstawie informacji z PIT-11, otrzymanego od pracodawcy.<\/p>\n\n\n\n<h3 class=\"wp-block-heading\"><strong>Kto mo\u017ce otrzyma\u0107 zwrot podatku?<\/strong><\/h3>\n\n\n\n<p><strong>Zwrot podatku przys\u0142uguje:<\/strong><\/p>\n\n\n\n<ul class=\"wp-block-list\">\n<li>Osobom, kt\u00f3re w ci\u0105gu roku nadp\u0142aci\u0142y podatek,<\/li>\n\n\n\n<li>Osobom korzystaj\u0105cym z ulg podatkowych, takich jak:\n<ul class=\"wp-block-list\">\n<li>Ulga na dziecko,<\/li>\n\n\n\n<li>Ulga rehabilitacyjna,<\/li>\n\n\n\n<li>Ulga na internet,<\/li>\n\n\n\n<li>Ulga dla krwiodawc\u00f3w i inne.<\/li>\n<\/ul>\n<\/li>\n<\/ul>\n\n\n\n<h3 class=\"wp-block-heading\"><strong>Czy zawsze otrzymasz zwrot?<\/strong><\/h3>\n\n\n\n<p>Nie zawsze po rozliczeniu PIT nast\u0119puje zwrot podatku.<\/p>\n\n\n\n<ul class=\"wp-block-list\">\n<li>Je\u015bli masz nadp\u0142at\u0119 \u2013 urz\u0105d skarbowy zwr\u00f3ci Ci nadp\u0142acon\u0105 kwot\u0119.<\/li>\n\n\n\n<li>Je\u015bli masz niedop\u0142at\u0119 \u2013 b\u0119dziesz musia\u0142 ui\u015bci\u0107 r\u00f3\u017cnic\u0119.<\/li>\n<\/ul>\n\n\n\n<h3 class=\"wp-block-heading\"><strong>Jak z\u0142o\u017cy\u0107 deklaracj\u0119 PIT?<\/strong><\/h3>\n\n\n\n<p>Deklaracj\u0119 PIT mo\u017cesz z\u0142o\u017cy\u0107 na dwa sposoby:<\/p>\n\n\n\n<ol class=\"wp-block-list\">\n<li><strong>Elektronicznie<\/strong>&nbsp;\u2013 przez us\u0142ug\u0119&nbsp;<strong>Tw\u00f3j e-PIT<\/strong>, dost\u0119pn\u0105 na stronie e-Urz\u0105d Skarbowy. Logowanie odbywa si\u0119 przez profil zaufany, bankowo\u015b\u0107 internetow\u0105 lub inne metody uwierzytelnienia. Zwrot podatku zostanie przelany na Twoje konto w ci\u0105gu 45 dni.<\/li>\n\n\n\n<li><strong>W formie papierowej<\/strong>&nbsp;\u2013 osobi\u015bcie w urz\u0119dzie skarbowym lub wysy\u0142aj\u0105c formularz poczt\u0105. Zwrot podatku w przypadku deklaracji papierowych mo\u017ce potrwa\u0107 do 3 miesi\u0119cy.<\/li>\n<\/ol>\n\n\n\n<h3 class=\"wp-block-heading\"><strong>Co je\u015bli nie z\u0142o\u017cysz PIT na czas?<\/strong><\/h3>\n\n\n\n<ul class=\"wp-block-list\">\n<li>Je\u015bli PIT-37 lub PIT-38 nie zostanie z\u0142o\u017cony do 30 kwietnia 2025 roku, urz\u0105d skarbowy automatycznie rozliczy podatnika na podstawie dost\u0119pnych danych.<\/li>\n\n\n\n<li><strong>PIT-28, PIT-36 i PIT-36L<\/strong>&nbsp;\u2013 nie podlegaj\u0105 automatycznej akceptacji. Brak z\u0142o\u017cenia deklaracji na czas mo\u017ce skutkowa\u0107 kar\u0105, nawet do 720 stawek dziennych!<\/li>\n<\/ul>\n\n\n\n<h3 class=\"wp-block-heading\"><strong>PIT-2 \u2013 co warto wiedzie\u0107?<\/strong><\/h3>\n\n\n\n<p><strong>PIT-2<\/strong>&nbsp;to o\u015bwiadczenie, kt\u00f3re pozwala zmniejszy\u0107 zaliczki na podatek o 300 z\u0142 miesi\u0119cznie, co oznacza wy\u017csz\u0105 wyp\u0142at\u0119 w trakcie roku. Zwykle sk\u0142ada si\u0119 je raz, po podj\u0119ciu pracy. Je\u015bli pracujesz w kilku miejscach, PIT-2 mo\u017cesz z\u0142o\u017cy\u0107 u jednego pracodawcy lub podzieli\u0107 ulg\u0119 na miejsca pracy, w kt\u00f3rych pracujesz.<\/p>\n\n\n\n<p><strong>Pami\u0119taj, aby z\u0142o\u017cy\u0107 deklaracj\u0119 PIT na czas, aby unikn\u0105\u0107 kar oraz ewentualnych problem\u00f3w z urz\u0119dami skarbowymi.&nbsp;<\/strong>Skorzystaj ze wszystkich dost\u0119pnych ulg i rozwa\u017c, kt\u00f3ra forma sk\u0142adania deklaracji b\u0119dzie dla Ciebie najwygodniejsza. Z\u0142o\u017cenie deklaracji online pozwala na szybszy zwrot nadp\u0142aconego podatku, dlatego warto z tego skorzysta\u0107.<\/p>\n\n\n\n<h3 class=\"wp-block-heading\"><strong>Przekazanie 1,5% Podatku<\/strong><\/h3>\n\n\n\n<p>Podatnicy mog\u0105 wybra\u0107 opcj\u0119 przekazania 1,5% podatku na rzecz wybranej organizacji charytatywnej bez \u017cadnych obci\u0105\u017ce\u0144 podatnika dodatkowymi kosztami. Jest to bardzo proste \u2013 wystarczy w zeznaniu podatkowym wpisa\u0107 nazw\u0119 organizacji po\u017cytku publicznego wraz z numerem KRS. Je\u015bli nie wybierzesz \u017cadnej OPP, Tw\u00f3j 1,5% automatycznie trafi do Skarbu Pa\u0144stwa.&nbsp;<\/p>\n\n\n\n<p>W taki spos\u00f3b mo\u017cesz r\u00f3wnie\u017c wesprze\u0107 nasze dzia\u0142ania na rzecz migrant\u00f3w i spo\u0142ecze\u0144stwa przyjmuj\u0105cego! Fundacja Ukraina nie ma statusu organizacji po\u017cytku publicznego, ale dzi\u0119ki wsp\u00f3\u0142pracy z FaniMani.pl mamy mo\u017cliwo\u015b\u0107 otrzymania 1,5% podatku. To oznacza, \u017ce po wpisaniu danych KRS wy\u015bwietli Ci si\u0119 nazwa FaniMani, natomiast przekazane odliczenia trafi\u0105 na subkonto Fundacji Ukraina.<\/p>\n\n\n\n<p>\ud83d\udccc Nr KRS: 0000507234<\/p>\n\n\n\n<p>\ud83d\udccc Kwota: 1,5%<\/p>\n\n\n\n<p>\ud83c\udfaf Cel szczeg\u00f3\u0142owy: 6374<\/p>\n\n\n\n<h3 class=\"wp-block-heading\"><strong>Potrzebujesz pomocy w rozliczeniu PIT?<\/strong><\/h3>\n\n\n\n<p>\ud83d\ude4c Zawsze mo\u017cesz liczy\u0107 na wsparcie specjalist\u00f3w Instytutu Praw Migrant\u00f3w, kt\u00f3rzy pomog\u0105 Ci w za\u0142atwieniu tej i innych spraw w Polsce!<\/p>\n\n\n\n<p>\ud83d\udcf2 Konsultacje s\u0105 udzielane telefonicznie: +48 510 011 846; +48 571 330 203<\/p>\n\n\n\n<p>Oraz stacjonarnie pod adresem:<\/p>\n\n\n\n<p>\ud83d\udccd Instytut Praw Migrant\u00f3w, ul.Ruska 46A\/202 (3 na domofonie).<\/p>\n\n\n\n<p>Serdecznie zapraszamy!<\/p>\n\n\n\n\n","protected":false},"excerpt":{"rendered":"<p>Od 15 lutego 2025 roku mo\u017cna sk\u0142ada\u0107 deklaracje podatkowe i ubiega\u0107 si\u0119 o zwrot nadp\u0142aconego podatku za 2024 rok. Wraz z pocz\u0105tkiem lutego rozpocz\u0119\u0142a si\u0119 mo\u017cliwo\u015b\u0107 sk\u0142adania deklaracji podatkowych na rok 2024. To wa\u017cny moment dla wszystkich podatnik\u00f3w, kt\u00f3rzy chc\u0105 rozliczy\u0107 si\u0119 z administracj\u0105 skarbow\u0105 oraz skorzysta\u0107 z przys\u0142uguj\u0105cych im ulg i zwrot\u00f3w. Poni\u017cej znajduj\u0105&#8230;<\/p>\n","protected":false},"author":13,"featured_media":2597,"comment_status":"closed","ping_status":"closed","sticky":false,"template":"","format":"standard","meta":{"inline_featured_image":false,"advgb_blocks_editor_width":"","advgb_blocks_columns_visual_guide":"","footnotes":""},"categories":[6,1],"tags":[],"class_list":["post-2610","post","type-post","status-publish","format-standard","has-post-thumbnail","hentry","category-finansy","category-instytut-praw-migrantow"],"yoast_head":"<!-- This site is optimized with the Yoast SEO plugin v23.0 - https:\/\/yoast.com\/wordpress\/plugins\/seo\/ -->\n<title>Rozliczenie PIT za 2024 rok \u2013 wa\u017cne informacje! - Institute Of Migrant Rights<\/title>\n<meta name=\"description\" content=\"Naszyme celem jest kszta\u0142cenie spo\u0142ecze\u0144stwa r\u00f3wnych szans \u015bwiadomego swoich praw, poprzez prowadzenie dzia\u0142alno\u015bci konsultacyjnej i szkoleniowej.\" \/>\n<meta name=\"robots\" content=\"index, follow, max-snippet:-1, max-image-preview:large, max-video-preview:-1\" \/>\n<link rel=\"canonical\" href=\"https:\/\/www.instytutpm.eu\/rozliczenie-pit-za-2024-rok-wazne-informacje\/\" \/>\n<meta property=\"og:locale\" content=\"en_US\" \/>\n<meta property=\"og:type\" content=\"article\" \/>\n<meta property=\"og:title\" content=\"Rozliczenie PIT za 2024 rok \u2013 wa\u017cne informacje! - Institute Of Migrant Rights\" \/>\n<meta property=\"og:description\" content=\"Naszyme celem jest kszta\u0142cenie spo\u0142ecze\u0144stwa r\u00f3wnych szans \u015bwiadomego swoich praw, poprzez prowadzenie dzia\u0142alno\u015bci konsultacyjnej i szkoleniowej.\" \/>\n<meta property=\"og:url\" content=\"https:\/\/www.instytutpm.eu\/rozliczenie-pit-za-2024-rok-wazne-informacje\/\" \/>\n<meta property=\"og:site_name\" content=\"Institute Of Migrant Rights\" \/>\n<meta property=\"article:publisher\" content=\"https:\/\/www.facebook.com\/Instytutpm\" \/>\n<meta property=\"article:published_time\" content=\"2025-02-15T12:14:32+00:00\" \/>\n<meta property=\"article:modified_time\" content=\"2025-03-31T12:06:35+00:00\" \/>\n<meta property=\"og:image\" content=\"https:\/\/www.instytutpm.eu\/wp-content\/uploads\/2025\/02\/img_8493.png\" \/>\n\t<meta property=\"og:image:width\" content=\"2048\" \/>\n\t<meta property=\"og:image:height\" content=\"1035\" \/>\n\t<meta property=\"og:image:type\" content=\"image\/png\" \/>\n<meta name=\"author\" content=\"Daria Chorna\" \/>\n<meta name=\"twitter:card\" content=\"summary_large_image\" \/>\n<meta name=\"twitter:creator\" content=\"@Instytutipm\" \/>\n<meta name=\"twitter:site\" content=\"@Instytutipm\" \/>\n<meta name=\"twitter:label1\" content=\"Written by\" \/>\n\t<meta name=\"twitter:data1\" content=\"Daria Chorna\" \/>\n\t<meta name=\"twitter:label2\" content=\"Est. reading time\" \/>\n\t<meta name=\"twitter:data2\" content=\"4 minutes\" \/>\n<script type=\"application\/ld+json\" class=\"yoast-schema-graph\">{\"@context\":\"https:\/\/schema.org\",\"@graph\":[{\"@type\":\"Article\",\"@id\":\"https:\/\/www.instytutpm.eu\/rozliczenie-pit-za-2024-rok-wazne-informacje\/#article\",\"isPartOf\":{\"@id\":\"https:\/\/www.instytutpm.eu\/rozliczenie-pit-za-2024-rok-wazne-informacje\/\"},\"author\":{\"name\":\"Daria Chorna\",\"@id\":\"https:\/\/www.instytutpm.eu\/#\/schema\/person\/50f170fff0ec53c2f484754edeb12230\"},\"headline\":\"Rozliczenie PIT za 2024 rok \u2013 wa\u017cne informacje!\",\"datePublished\":\"2025-02-15T12:14:32+00:00\",\"dateModified\":\"2025-03-31T12:06:35+00:00\",\"mainEntityOfPage\":{\"@id\":\"https:\/\/www.instytutpm.eu\/rozliczenie-pit-za-2024-rok-wazne-informacje\/\"},\"wordCount\":669,\"publisher\":{\"@id\":\"https:\/\/www.instytutpm.eu\/#organization\"},\"image\":{\"@id\":\"https:\/\/www.instytutpm.eu\/rozliczenie-pit-za-2024-rok-wazne-informacje\/#primaryimage\"},\"thumbnailUrl\":\"https:\/\/www.instytutpm.eu\/wp-content\/uploads\/2025\/02\/img_8493.png\",\"articleSection\":[\"Finansy\",\"IPM\"],\"inLanguage\":\"en-US\"},{\"@type\":\"WebPage\",\"@id\":\"https:\/\/www.instytutpm.eu\/rozliczenie-pit-za-2024-rok-wazne-informacje\/\",\"url\":\"https:\/\/www.instytutpm.eu\/rozliczenie-pit-za-2024-rok-wazne-informacje\/\",\"name\":\"Rozliczenie PIT za 2024 rok \u2013 wa\u017cne informacje! - Institute Of Migrant Rights\",\"isPartOf\":{\"@id\":\"https:\/\/www.instytutpm.eu\/#website\"},\"primaryImageOfPage\":{\"@id\":\"https:\/\/www.instytutpm.eu\/rozliczenie-pit-za-2024-rok-wazne-informacje\/#primaryimage\"},\"image\":{\"@id\":\"https:\/\/www.instytutpm.eu\/rozliczenie-pit-za-2024-rok-wazne-informacje\/#primaryimage\"},\"thumbnailUrl\":\"https:\/\/www.instytutpm.eu\/wp-content\/uploads\/2025\/02\/img_8493.png\",\"datePublished\":\"2025-02-15T12:14:32+00:00\",\"dateModified\":\"2025-03-31T12:06:35+00:00\",\"description\":\"Naszyme celem jest kszta\u0142cenie spo\u0142ecze\u0144stwa r\u00f3wnych szans \u015bwiadomego swoich praw, poprzez prowadzenie dzia\u0142alno\u015bci konsultacyjnej i szkoleniowej.\",\"breadcrumb\":{\"@id\":\"https:\/\/www.instytutpm.eu\/rozliczenie-pit-za-2024-rok-wazne-informacje\/#breadcrumb\"},\"inLanguage\":\"en-US\",\"potentialAction\":[{\"@type\":\"ReadAction\",\"target\":[\"https:\/\/www.instytutpm.eu\/rozliczenie-pit-za-2024-rok-wazne-informacje\/\"]}]},{\"@type\":\"ImageObject\",\"inLanguage\":\"en-US\",\"@id\":\"https:\/\/www.instytutpm.eu\/rozliczenie-pit-za-2024-rok-wazne-informacje\/#primaryimage\",\"url\":\"https:\/\/www.instytutpm.eu\/wp-content\/uploads\/2025\/02\/img_8493.png\",\"contentUrl\":\"https:\/\/www.instytutpm.eu\/wp-content\/uploads\/2025\/02\/img_8493.png\",\"width\":2048,\"height\":1035},{\"@type\":\"BreadcrumbList\",\"@id\":\"https:\/\/www.instytutpm.eu\/rozliczenie-pit-za-2024-rok-wazne-informacje\/#breadcrumb\",\"itemListElement\":[{\"@type\":\"ListItem\",\"position\":1,\"name\":\"Home\",\"item\":\"https:\/\/www.instytutpm.eu\/en\/\"},{\"@type\":\"ListItem\",\"position\":2,\"name\":\"Rozliczenie PIT za 2024 rok \u2013 wa\u017cne informacje!\"}]},{\"@type\":\"WebSite\",\"@id\":\"https:\/\/www.instytutpm.eu\/#website\",\"url\":\"https:\/\/www.instytutpm.eu\/\",\"name\":\"Instytut Praw Migrant\u00f3w\",\"description\":\"Free information support for migrants living in Poland\",\"publisher\":{\"@id\":\"https:\/\/www.instytutpm.eu\/#organization\"},\"alternateName\":\"IPM\",\"potentialAction\":[{\"@type\":\"SearchAction\",\"target\":{\"@type\":\"EntryPoint\",\"urlTemplate\":\"https:\/\/www.instytutpm.eu\/?s={search_term_string}\"},\"query-input\":\"required name=search_term_string\"}],\"inLanguage\":\"en-US\"},{\"@type\":\"Organization\",\"@id\":\"https:\/\/www.instytutpm.eu\/#organization\",\"name\":\"Instytut Praw Migrant\u00f3w\",\"alternateName\":\"IPM\",\"url\":\"https:\/\/www.instytutpm.eu\/\",\"logo\":{\"@type\":\"ImageObject\",\"inLanguage\":\"en-US\",\"@id\":\"https:\/\/www.instytutpm.eu\/#\/schema\/logo\/image\/\",\"url\":\"https:\/\/www.instytutpm.eu\/wp-content\/uploads\/2023\/05\/ipm-logo.jpg\",\"contentUrl\":\"https:\/\/www.instytutpm.eu\/wp-content\/uploads\/2023\/05\/ipm-logo.jpg\",\"width\":238,\"height\":238,\"caption\":\"Instytut Praw Migrant\u00f3w\"},\"image\":{\"@id\":\"https:\/\/www.instytutpm.eu\/#\/schema\/logo\/image\/\"},\"sameAs\":[\"https:\/\/www.facebook.com\/Instytutpm\",\"https:\/\/x.com\/Instytutipm\"]},{\"@type\":\"Person\",\"@id\":\"https:\/\/www.instytutpm.eu\/#\/schema\/person\/50f170fff0ec53c2f484754edeb12230\",\"name\":\"Daria Chorna\",\"image\":{\"@type\":\"ImageObject\",\"inLanguage\":\"en-US\",\"@id\":\"https:\/\/www.instytutpm.eu\/#\/schema\/person\/image\/\",\"url\":\"https:\/\/secure.gravatar.com\/avatar\/300af9c9fc115ffa4652417dc0e4f2f14c7ce99dc6a98e186ec696e0d621e91a?s=96&d=simple_local_avatar&r=g\",\"contentUrl\":\"https:\/\/secure.gravatar.com\/avatar\/300af9c9fc115ffa4652417dc0e4f2f14c7ce99dc6a98e186ec696e0d621e91a?s=96&d=simple_local_avatar&r=g\",\"caption\":\"Daria Chorna\"},\"url\":\"https:\/\/www.instytutpm.eu\/en\/author\/dariahorna-promofu\/\"}]}<\/script>\n<!-- \/ Yoast SEO plugin. -->","yoast_head_json":{"title":"Rozliczenie PIT za 2024 rok \u2013 wa\u017cne informacje! - Institute Of Migrant Rights","description":"Naszyme celem jest kszta\u0142cenie spo\u0142ecze\u0144stwa r\u00f3wnych szans \u015bwiadomego swoich praw, poprzez prowadzenie dzia\u0142alno\u015bci konsultacyjnej i szkoleniowej.","robots":{"index":"index","follow":"follow","max-snippet":"max-snippet:-1","max-image-preview":"max-image-preview:large","max-video-preview":"max-video-preview:-1"},"canonical":"https:\/\/www.instytutpm.eu\/rozliczenie-pit-za-2024-rok-wazne-informacje\/","og_locale":"en_US","og_type":"article","og_title":"Rozliczenie PIT za 2024 rok \u2013 wa\u017cne informacje! - Institute Of Migrant Rights","og_description":"Naszyme celem jest kszta\u0142cenie spo\u0142ecze\u0144stwa r\u00f3wnych szans \u015bwiadomego swoich praw, poprzez prowadzenie dzia\u0142alno\u015bci konsultacyjnej i szkoleniowej.","og_url":"https:\/\/www.instytutpm.eu\/rozliczenie-pit-za-2024-rok-wazne-informacje\/","og_site_name":"Institute Of Migrant Rights","article_publisher":"https:\/\/www.facebook.com\/Instytutpm","article_published_time":"2025-02-15T12:14:32+00:00","article_modified_time":"2025-03-31T12:06:35+00:00","og_image":[{"width":2048,"height":1035,"url":"https:\/\/www.instytutpm.eu\/wp-content\/uploads\/2025\/02\/img_8493.png","type":"image\/png"}],"author":"Daria Chorna","twitter_card":"summary_large_image","twitter_creator":"@Instytutipm","twitter_site":"@Instytutipm","twitter_misc":{"Written by":"Daria Chorna","Est. reading time":"4 minutes"},"schema":{"@context":"https:\/\/schema.org","@graph":[{"@type":"Article","@id":"https:\/\/www.instytutpm.eu\/rozliczenie-pit-za-2024-rok-wazne-informacje\/#article","isPartOf":{"@id":"https:\/\/www.instytutpm.eu\/rozliczenie-pit-za-2024-rok-wazne-informacje\/"},"author":{"name":"Daria Chorna","@id":"https:\/\/www.instytutpm.eu\/#\/schema\/person\/50f170fff0ec53c2f484754edeb12230"},"headline":"Rozliczenie PIT za 2024 rok \u2013 wa\u017cne informacje!","datePublished":"2025-02-15T12:14:32+00:00","dateModified":"2025-03-31T12:06:35+00:00","mainEntityOfPage":{"@id":"https:\/\/www.instytutpm.eu\/rozliczenie-pit-za-2024-rok-wazne-informacje\/"},"wordCount":669,"publisher":{"@id":"https:\/\/www.instytutpm.eu\/#organization"},"image":{"@id":"https:\/\/www.instytutpm.eu\/rozliczenie-pit-za-2024-rok-wazne-informacje\/#primaryimage"},"thumbnailUrl":"https:\/\/www.instytutpm.eu\/wp-content\/uploads\/2025\/02\/img_8493.png","articleSection":["Finansy","IPM"],"inLanguage":"en-US"},{"@type":"WebPage","@id":"https:\/\/www.instytutpm.eu\/rozliczenie-pit-za-2024-rok-wazne-informacje\/","url":"https:\/\/www.instytutpm.eu\/rozliczenie-pit-za-2024-rok-wazne-informacje\/","name":"Rozliczenie PIT za 2024 rok \u2013 wa\u017cne informacje! - Institute Of Migrant Rights","isPartOf":{"@id":"https:\/\/www.instytutpm.eu\/#website"},"primaryImageOfPage":{"@id":"https:\/\/www.instytutpm.eu\/rozliczenie-pit-za-2024-rok-wazne-informacje\/#primaryimage"},"image":{"@id":"https:\/\/www.instytutpm.eu\/rozliczenie-pit-za-2024-rok-wazne-informacje\/#primaryimage"},"thumbnailUrl":"https:\/\/www.instytutpm.eu\/wp-content\/uploads\/2025\/02\/img_8493.png","datePublished":"2025-02-15T12:14:32+00:00","dateModified":"2025-03-31T12:06:35+00:00","description":"Naszyme celem jest kszta\u0142cenie spo\u0142ecze\u0144stwa r\u00f3wnych szans \u015bwiadomego swoich praw, poprzez prowadzenie dzia\u0142alno\u015bci konsultacyjnej i szkoleniowej.","breadcrumb":{"@id":"https:\/\/www.instytutpm.eu\/rozliczenie-pit-za-2024-rok-wazne-informacje\/#breadcrumb"},"inLanguage":"en-US","potentialAction":[{"@type":"ReadAction","target":["https:\/\/www.instytutpm.eu\/rozliczenie-pit-za-2024-rok-wazne-informacje\/"]}]},{"@type":"ImageObject","inLanguage":"en-US","@id":"https:\/\/www.instytutpm.eu\/rozliczenie-pit-za-2024-rok-wazne-informacje\/#primaryimage","url":"https:\/\/www.instytutpm.eu\/wp-content\/uploads\/2025\/02\/img_8493.png","contentUrl":"https:\/\/www.instytutpm.eu\/wp-content\/uploads\/2025\/02\/img_8493.png","width":2048,"height":1035},{"@type":"BreadcrumbList","@id":"https:\/\/www.instytutpm.eu\/rozliczenie-pit-za-2024-rok-wazne-informacje\/#breadcrumb","itemListElement":[{"@type":"ListItem","position":1,"name":"Home","item":"https:\/\/www.instytutpm.eu\/en\/"},{"@type":"ListItem","position":2,"name":"Rozliczenie PIT za 2024 rok \u2013 wa\u017cne informacje!"}]},{"@type":"WebSite","@id":"https:\/\/www.instytutpm.eu\/#website","url":"https:\/\/www.instytutpm.eu\/","name":"Instytut Praw Migrant\u00f3w","description":"Free information support for migrants living in Poland","publisher":{"@id":"https:\/\/www.instytutpm.eu\/#organization"},"alternateName":"IPM","potentialAction":[{"@type":"SearchAction","target":{"@type":"EntryPoint","urlTemplate":"https:\/\/www.instytutpm.eu\/?s={search_term_string}"},"query-input":"required name=search_term_string"}],"inLanguage":"en-US"},{"@type":"Organization","@id":"https:\/\/www.instytutpm.eu\/#organization","name":"Instytut Praw Migrant\u00f3w","alternateName":"IPM","url":"https:\/\/www.instytutpm.eu\/","logo":{"@type":"ImageObject","inLanguage":"en-US","@id":"https:\/\/www.instytutpm.eu\/#\/schema\/logo\/image\/","url":"https:\/\/www.instytutpm.eu\/wp-content\/uploads\/2023\/05\/ipm-logo.jpg","contentUrl":"https:\/\/www.instytutpm.eu\/wp-content\/uploads\/2023\/05\/ipm-logo.jpg","width":238,"height":238,"caption":"Instytut Praw Migrant\u00f3w"},"image":{"@id":"https:\/\/www.instytutpm.eu\/#\/schema\/logo\/image\/"},"sameAs":["https:\/\/www.facebook.com\/Instytutpm","https:\/\/x.com\/Instytutipm"]},{"@type":"Person","@id":"https:\/\/www.instytutpm.eu\/#\/schema\/person\/50f170fff0ec53c2f484754edeb12230","name":"Daria Chorna","image":{"@type":"ImageObject","inLanguage":"en-US","@id":"https:\/\/www.instytutpm.eu\/#\/schema\/person\/image\/","url":"https:\/\/secure.gravatar.com\/avatar\/300af9c9fc115ffa4652417dc0e4f2f14c7ce99dc6a98e186ec696e0d621e91a?s=96&d=simple_local_avatar&r=g","contentUrl":"https:\/\/secure.gravatar.com\/avatar\/300af9c9fc115ffa4652417dc0e4f2f14c7ce99dc6a98e186ec696e0d621e91a?s=96&d=simple_local_avatar&r=g","caption":"Daria Chorna"},"url":"https:\/\/www.instytutpm.eu\/en\/author\/dariahorna-promofu\/"}]}},"author_meta":{"display_name":"Daria Chorna","author_link":"https:\/\/www.instytutpm.eu\/en\/author\/dariahorna-promofu\/"},"featured_img":"https:\/\/www.instytutpm.eu\/wp-content\/uploads\/2025\/02\/img_8493-600x303.png","coauthors":[],"tax_additional":{"categories":{"linked":["<a href=\"https:\/\/www.instytutpm.eu\/en\/category\/finansy\/\" class=\"advgb-post-tax-term\">Finansy<\/a>","<a href=\"https:\/\/www.instytutpm.eu\/en\/category\/instytut-praw-migrantow\/\" class=\"advgb-post-tax-term\">IPM<\/a>"],"unlinked":["<span class=\"advgb-post-tax-term\">Finansy<\/span>","<span class=\"advgb-post-tax-term\">IPM<\/span>"]}},"comment_count":"0","relative_dates":{"created":"Posted 1 year ago","modified":"Updated 1 year ago"},"absolute_dates":{"created":"Posted on 2025-02-15","modified":"Updated on 2025-03-31"},"absolute_dates_time":{"created":"Posted on 2025-02-15 13:14","modified":"Updated on 2025-03-31 14:06"},"featured_img_caption":"","series_order":"","_links":{"self":[{"href":"https:\/\/www.instytutpm.eu\/en\/wp-json\/wp\/v2\/posts\/2610","targetHints":{"allow":["GET"]}}],"collection":[{"href":"https:\/\/www.instytutpm.eu\/en\/wp-json\/wp\/v2\/posts"}],"about":[{"href":"https:\/\/www.instytutpm.eu\/en\/wp-json\/wp\/v2\/types\/post"}],"author":[{"embeddable":true,"href":"https:\/\/www.instytutpm.eu\/en\/wp-json\/wp\/v2\/users\/13"}],"replies":[{"embeddable":true,"href":"https:\/\/www.instytutpm.eu\/en\/wp-json\/wp\/v2\/comments?post=2610"}],"version-history":[{"count":1,"href":"https:\/\/www.instytutpm.eu\/en\/wp-json\/wp\/v2\/posts\/2610\/revisions"}],"predecessor-version":[{"id":2616,"href":"https:\/\/www.instytutpm.eu\/en\/wp-json\/wp\/v2\/posts\/2610\/revisions\/2616"}],"wp:featuredmedia":[{"embeddable":true,"href":"https:\/\/www.instytutpm.eu\/en\/wp-json\/wp\/v2\/media\/2597"}],"wp:attachment":[{"href":"https:\/\/www.instytutpm.eu\/en\/wp-json\/wp\/v2\/media?parent=2610"}],"wp:term":[{"taxonomy":"category","embeddable":true,"href":"https:\/\/www.instytutpm.eu\/en\/wp-json\/wp\/v2\/categories?post=2610"},{"taxonomy":"post_tag","embeddable":true,"href":"https:\/\/www.instytutpm.eu\/en\/wp-json\/wp\/v2\/tags?post=2610"}],"curies":[{"name":"wp","href":"https:\/\/api.w.org\/{rel}","templated":true}]}}