{"id":260,"date":"2021-03-25T12:14:00","date_gmt":"2021-03-25T11:14:00","guid":{"rendered":"https:\/\/www.instytutpm.eu\/?p=260"},"modified":"2023-05-19T11:32:59","modified_gmt":"2023-05-19T09:32:59","slug":"cudzoziemcy-na-polskim-rynku-pracy-i-rola-zwiazkow-zawodowych","status":"publish","type":"post","link":"https:\/\/www.instytutpm.eu\/en\/cudzoziemcy-na-polskim-rynku-pracy-i-rola-zwiazkow-zawodowych\/","title":{"rendered":"Cudzoziemcy na polskim rynku pracy I rola zwi\u0105zk\u00f3w zawodowych"},"content":{"rendered":"\n<p>Since Poland has joined the European Union, the interest of foreigners in taking up gainful employment in Poland has increased. Regardless of whether migrants are in manual or seasonal work, or one that requires specific qualifications, they are entitled to protection and access to knowledge of the law in force in the country they live. Despite that, migrants face various difficulties on the labor market, and in many respects find themselves in a worse situation than the nationals of the host country.<\/p>\n\n\n\n<figure class=\"wp-block-image size-full\"><img loading=\"lazy\" decoding=\"async\" width=\"1080\" height=\"720\" src=\"https:\/\/www.instytutpm.eu\/wp-content\/uploads\/2021\/03\/people.jpeg\" alt=\"people\" class=\"wp-image-1749\"\/><\/figure>\n\n\n\n<h2 class=\"wp-block-heading\"><strong>Przyrost obcokrajowc\u00f3w, kt\u00f3rzy osiedlili si\u0119 w&nbsp;Polsce<\/strong><\/h2>\n\n\n\n<p>Od czasu wej\u015bcia Polski do Unii Europejskiej wzros\u0142o zainteresowanie obcokrajowc\u00f3w podj\u0119ciem pracy zarobkowej w Polsce. Skala migracji jest wysoka i wci\u0105\u017c ro\u015bnie, migracje w\u0142a\u015bciwie sta\u0142y si\u0119 norm\u0105 we wsp\u00f3\u0142czesnym \u015bwiecie. Ludzie zmieniaj\u0105 miejsce pobytu z powod\u00f3w ekonomicznych, spo\u0142ecznych lub politycznych. Bez wzgl\u0119du na to, czy migranci zajmuj\u0105 si\u0119 prac\u0105 fizyczn\u0105\/sezonow\u0105 (kt\u00f3ra w teorii nie wymaga znajomo\u015bci j\u0119zyka oraz do\u015bwiadczenia) czy tak\u0105, kt\u00f3ra wymaga konkretnych kwalifikacji, nale\u017cy im si\u0119 ochrona i dost\u0119p do wiedzy na temat obowi\u0105zuj\u0105cego w danym kraju prawa. Wed\u0142ug danych Urz\u0119du do spraw cudzoziemc\u00f3w (UDSC) w&nbsp;2020&nbsp;r. najwi\u0119kszy przyrost obcokrajowc\u00f3w, kt\u00f3rzy osiedlili si\u0119 w&nbsp;Polsce, dotyczy\u0142 obywateli Ukrainy, Bia\u0142orusi, Gruzji, Mo\u0142dawii i Korei Po\u0142udniowej. Co ciekawe, to osoby m\u0142ode osiedlaj\u0105 si\u0119 w Polsce najcz\u0119\u015bciej. Prawie 60% cudzoziemc\u00f3w posiadaj\u0105cych wa\u017cne zezwolenia na&nbsp;pobyt to&nbsp;osoby w&nbsp;przedziale wiekowym 18-40&nbsp;lat, a osoby powy\u017cej 60. roku \u017cycia stanowi\u0105 jedyne 4%. W wi\u0119kszo\u015bci s\u0105 to zatem osoby gotowe do podj\u0119cia pracy.&nbsp;<em>\u201cMigranci mierz\u0105 si\u0119 z rozmaitymi trudno\u015bciami na rynku pracy, pod wieloma wzgl\u0119dami znajduj\u0105 si\u0119 w gorszej sytuacji ni\u017c obywatele kraju przyjmuj\u0105cego. Niekt\u00f3re z napotykanych przez nich problem\u00f3w wi\u0105\u017c\u0105 si\u0119 z utrudnieniami, takimi jak niewystarczaj\u0105ce wykszta\u0142cenie, brak szkole\u0144, problemy z uznaniem kwalifikacji uzyskanych za granic\u0105 lub niewystarczaj\u0105ca znajomo\u015b\u0107 j\u0119zyka i lokalnego prawa pracy. Migranci mog\u0105 tak\u017ce do\u015bwiadcza\u0107 dyskryminacji ze wzgl\u0119du na narodowo\u015b\u0107, wyznanie, kolor sk\u00f3ry, ras\u0119 lub pochodzenie etniczne.\u201d<\/em>&nbsp;Badania Mi\u0119dzynarodowej Organizacji Pracy (MOP) \u201eCombating discrimination against migrant workers and ethnic minorities in the world of work\u201d, dotycz\u0105ce dyskryminacji cudzoziemc\u00f3w na rynku pracy w krajach zachodnich, wykaza\u0142y wyst\u0119powanie dyskryminacji w zatrudnieniu, kt\u00f3ra dochodzi\u0142a do 35% (we wszystkich krajach, nawet w Skandynawii). Dane te zaskakuj\u0105 tym bardziej, \u017ce jest to niezgodne z mi\u0119dzynarodowymi standardami pracy. Takie badania prowadzone s\u0105\u0328 przez niekt\u00f3re zwi\u0105zki zawodowe, a w Unii Europejskiej dost\u0119pne s\u0105 r\u00f3\u017cnego rodzaju programy finansowe, kt\u00f3re wspieraj\u0105 takie dzia\u0142ania. Dyskryminacja jest szczeg\u00f3lnie widoczna, gdy migranci s\u0105 traktowani niesprawiedliwie pomimo por\u00f3wnywalnego wykszta\u0142cenia, kwalifikacji lub do\u015bwiadczenia. Szczeg\u00f3lnie wra\u017cliwe obszary to: dost\u0119p do zatrudnienia i szkole\u0144, wynagrodzenie za prac\u0119 o tej samej warto\u015bci, utrudniony dost\u0119p do opieki spo\u0142ecznej, nieadekwatny przydzia\u0142 pracy i brak mo\u017cliwo\u015bci awansu, niepewne warunki zatrudnienia.<\/p>\n\n\n\n<h2 class=\"wp-block-heading\"><strong>Walka o lepsze po\u0142o\u017cenie cudzoziemc\u00f3w w miejscu pracy<\/strong><\/h2>\n\n\n\n<p>Utrudnianie integracji migrant\u00f3w na rynku pracy prowadzi to do strat spo\u0142ecznych i ekonomicznych, poniewa\u017c potencja\u0142 ich pracy nie zostaje wykorzystany. Walka z tymi zjawiskami jest podstawowym zadaniem dla kraj\u00f3w, kt\u00f3re przyjmuj\u0105 migrant\u00f3w. W szczeg\u00f3lno\u015bci konieczne jest dokonanie diagnozy sytuacji pracownik\u00f3w, poniewa\u017c tylko rzetelne zbadanie sytuacji prawnej i spo\u0142ecznej mo\u017ce pozwoli\u0107 na ustalenie w\u0142a\u015bciwej polityki r\u00f3wno\u015bciowej.Nap\u0142yw cudzoziemc\u00f3w na polski rynek pracy powinien wi\u0105za\u0107 si\u0119 z dzia\u0142aniem pa\u0144stwa, organizacji samorz\u0105dowych i mi\u0119dzynarodowych oraz wzmo\u017con\u0105 aktywno\u015bci\u0105 zwi\u0105zk\u00f3w zawodowych. Promowanie tolerancji i wsp\u00f3\u0142pracy grup o r\u00f3\u017cnych pogl\u0105dach, kulturach, religiach i tradycjach mo\u017ce zosta\u0107 podj\u0119te przez zwi\u0105zkowc\u00f3w w formie pr\u00f3b wp\u0142ywania na ustawodawstwo i decyzje podejmowane przez rz\u0105d. Mog\u0105 by\u0107 to tak\u017ce pr\u00f3by wywarcia wp\u0142ywu na konkretnych prawodawc\u00f3w i przedsi\u0119biorstwa (przez rozmaite formy nacisku) oraz negocjacje, szkolenia i kampanie spo\u0142eczne i \u015bwiadomo\u015bciowe. Zwi\u0105zki zawodowe powinny komunikowa\u0107 wyniki swoich prac po to, aby edukowa\u0107 zwi\u0105zkowc\u00f3w i krzewi\u0107 w nich postaw\u0119\u0328 akceptacji dla wszelkiego rodzaju odmienno\u015bci. Walka o lepsze po\u0142o\u017cenie cudzoziemc\u00f3w mo\u017ce polega\u0107 tak\u017ce na przyjmowaniu dokument\u00f3w organizacyjnych, zapis\u00f3w statutowych, uchwa\u0142, kt\u00f3re jednoznacznie zabraniaj\u0105\u0328 dyskryminacji. Wreszcie kluczowa jest wsp\u00f3\u0142praca przedstawicieli \u015brodowisk marginalizowanych (w tym rozmaitych organizacji wspieraj\u0105cych migrant\u00f3w) ze zwi\u0105zkami zawodowymi, to znaczy wsp\u00f3lne d\u0105\u017cenia do wprowadzenia przepis\u00f3w antydyskryminacyjnych w miejscu pracy.<\/p>\n\n\n\n<h2 class=\"wp-block-heading\"><strong>Solidarno\u015b\u0107 ludzi powinna budowa\u0107 wzajemne zaufanie<\/strong><\/h2>\n\n\n\n<p>Bywa, \u017ce migranci zatrudniani s\u0105\u0328 przez firm\u0119\u0328-po\u015brednika, co oznacza, \u017ce z formalnego punktu widzenia pozostaj\u0105\u0328 pracownikami w swoim kraju (obowi\u0105zuje ich inne prawo) i nie mog\u0105\u0328 zrzesza\u0107\u0301 si\u0119\u0328 w polskich zwi\u0105zkach zawodowych. Takie osoby, nie znaj\u0105c j\u0119zyka ani polskiego prawodawstwa, s\u0105\u0328 nara\u017cone na gorsze warunki pracy i wyzysk. W tej sytuacji rol\u0105 zwi\u0105zkowc\u00f3w mo\u017ce by\u0107 nawi\u0105zywanie mi\u0119dzynarodowej wsp\u00f3\u0142pracy ze zwi\u0105zkami zawodowymi w krajach pochodzenia pracownik\u00f3w. Inna jest natomiast sytuacja tych, kt\u00f3rzy maj\u0105 prawo do podj\u0119cia pracy w Polsce i podpisuj\u0105\u0328 umowy z polskimi przedsi\u0119biorcami. Mog\u0105\u0328 oni bez problemu wst\u0119powa\u0107\u0301 do zwi\u0105zku zawodowego i uzyska\u0107\u0301 ochron\u0119\u0328 prawn\u0105. Aby skutecznie podnosi\u0107 \u015bwiadomo\u015b\u0107 cudzoziemc\u00f3w na temat polskiego rynku pracy, warto przygotowa\u0107 dla nich broszury informacyjne, kt\u00f3re b\u0119d\u0105 dost\u0119pne w ich ojczystych j\u0119zykach. Na poziomie zwi\u0105zku zawodowego kluczowa jest tak\u017ce wiedza prawnicza dotycz\u0105ca umiej\u0119tno\u015bci prowadzenia spraw z zakresu dyskryminacji (ze wzgl\u0119du na pochodzenie etniczne, ras\u0119\u0328, wyznanie), powo\u0142anie pe\u0142nomocnika ds. pracownik\u00f3w migracyjnych i mniejszo\u015bci etnicznych, w\u0142\u0105czanie kwestii dyskryminacji do uk\u0142ad\u00f3w zbiorowych, w\u0142\u0105czanie kwestii pracownik\u00f3w migracyjnych do dialogu spo\u0142ecznego, konferencje i spotkania z udzia\u0142em przedstawicieli i przedstawicielek organizacji pozarz\u0105dowych i ruch\u00f3w spo\u0142ecznych.&nbsp;<em>Solidarno\u015b\u0107 ludzi powinna budowa\u0107 wzajemne zaufanie. Pracownicy nale\u017c\u0105cy do grup szczeg\u00f3lnie nara\u017conych na wyzysk (zw\u0142aszcza ludzie m\u0142odzi i cudzoziemcy) tak jak pozostali zatrudnieni, powinni by\u0107 cz\u0142onkami zwi\u0105zk\u00f3w zawodowych i mie\u0107 pe\u0142ne prawo do wsparcia z ich strony.<\/em><\/p>\n","protected":false},"excerpt":{"rendered":"<p>Since Poland has joined the European Union, the interest of foreigners in taking up gainful employment in Poland has increased. Regardless of whether migrants are in manual or seasonal work, or one that requires specific qualifications, they are entitled to protection and access to knowledge of the law in force in the country they live&#8230;.<\/p>\n","protected":false},"author":2,"featured_media":1749,"comment_status":"closed","ping_status":"closed","sticky":false,"template":"","format":"standard","meta":{"inline_featured_image":false,"advgb_blocks_editor_width":"","advgb_blocks_columns_visual_guide":"","footnotes":""},"categories":[1,27],"tags":[],"class_list":["post-260","post","type-post","status-publish","format-standard","has-post-thumbnail","hentry","category-instytut-praw-migrantow","category-praca"],"yoast_head":"<!-- This site is optimized with the Yoast SEO plugin v23.0 - https:\/\/yoast.com\/wordpress\/plugins\/seo\/ -->\n<title>Cudzoziemcy na polskim rynku pracy I rola zwi\u0105zk\u00f3w zawodowych - Institute Of Migrant Rights<\/title>\n<meta name=\"description\" content=\"Naszyme celem jest kszta\u0142cenie spo\u0142ecze\u0144stwa r\u00f3wnych szans \u015bwiadomego swoich praw, poprzez prowadzenie dzia\u0142alno\u015bci konsultacyjnej i szkoleniowej.\" \/>\n<meta name=\"robots\" content=\"index, follow, max-snippet:-1, max-image-preview:large, max-video-preview:-1\" \/>\n<link rel=\"canonical\" href=\"https:\/\/www.instytutpm.eu\/cudzoziemcy-na-polskim-rynku-pracy-i-rola-zwiazkow-zawodowych\/\" \/>\n<meta property=\"og:locale\" content=\"en_US\" \/>\n<meta property=\"og:type\" content=\"article\" \/>\n<meta property=\"og:title\" content=\"Cudzoziemcy na polskim rynku pracy I rola zwi\u0105zk\u00f3w zawodowych - Institute Of Migrant Rights\" \/>\n<meta property=\"og:description\" content=\"Naszyme celem jest kszta\u0142cenie spo\u0142ecze\u0144stwa r\u00f3wnych szans \u015bwiadomego swoich praw, poprzez prowadzenie dzia\u0142alno\u015bci konsultacyjnej i szkoleniowej.\" \/>\n<meta property=\"og:url\" content=\"https:\/\/www.instytutpm.eu\/cudzoziemcy-na-polskim-rynku-pracy-i-rola-zwiazkow-zawodowych\/\" \/>\n<meta property=\"og:site_name\" content=\"Institute Of Migrant Rights\" \/>\n<meta property=\"article:publisher\" content=\"https:\/\/www.facebook.com\/Instytutpm\" \/>\n<meta property=\"article:published_time\" content=\"2021-03-25T11:14:00+00:00\" \/>\n<meta property=\"article:modified_time\" content=\"2023-05-19T09:32:59+00:00\" \/>\n<meta property=\"og:image\" content=\"https:\/\/www.instytutpm.eu\/wp-content\/uploads\/2021\/03\/people.jpeg\" \/>\n\t<meta property=\"og:image:width\" content=\"1080\" \/>\n\t<meta property=\"og:image:height\" content=\"720\" \/>\n\t<meta property=\"og:image:type\" content=\"image\/jpeg\" \/>\n<meta name=\"author\" content=\"Instytut Praw Migrant\u00f3w\" \/>\n<meta name=\"twitter:card\" content=\"summary_large_image\" \/>\n<meta name=\"twitter:creator\" content=\"@Instytutipm\" \/>\n<meta name=\"twitter:site\" content=\"@Instytutipm\" \/>\n<meta name=\"twitter:label1\" content=\"Written by\" \/>\n\t<meta name=\"twitter:data1\" content=\"Instytut Praw Migrant\u00f3w\" \/>\n\t<meta name=\"twitter:label2\" content=\"Est. reading time\" \/>\n\t<meta name=\"twitter:data2\" content=\"4 minutes\" \/>\n<script type=\"application\/ld+json\" class=\"yoast-schema-graph\">{\"@context\":\"https:\/\/schema.org\",\"@graph\":[{\"@type\":\"Article\",\"@id\":\"https:\/\/www.instytutpm.eu\/cudzoziemcy-na-polskim-rynku-pracy-i-rola-zwiazkow-zawodowych\/#article\",\"isPartOf\":{\"@id\":\"https:\/\/www.instytutpm.eu\/cudzoziemcy-na-polskim-rynku-pracy-i-rola-zwiazkow-zawodowych\/\"},\"author\":{\"name\":\"Instytut Praw Migrant\u00f3w\",\"@id\":\"https:\/\/www.instytutpm.eu\/#\/schema\/person\/786e05d0f6f22e29b93c5ded632d8bd2\"},\"headline\":\"Cudzoziemcy na polskim rynku pracy I rola zwi\u0105zk\u00f3w zawodowych\",\"datePublished\":\"2021-03-25T11:14:00+00:00\",\"dateModified\":\"2023-05-19T09:32:59+00:00\",\"mainEntityOfPage\":{\"@id\":\"https:\/\/www.instytutpm.eu\/cudzoziemcy-na-polskim-rynku-pracy-i-rola-zwiazkow-zawodowych\/\"},\"wordCount\":1070,\"publisher\":{\"@id\":\"https:\/\/www.instytutpm.eu\/#organization\"},\"image\":{\"@id\":\"https:\/\/www.instytutpm.eu\/cudzoziemcy-na-polskim-rynku-pracy-i-rola-zwiazkow-zawodowych\/#primaryimage\"},\"thumbnailUrl\":\"https:\/\/www.instytutpm.eu\/wp-content\/uploads\/2021\/03\/people.jpeg\",\"articleSection\":[\"IPM\",\"Praca\"],\"inLanguage\":\"en-US\"},{\"@type\":\"WebPage\",\"@id\":\"https:\/\/www.instytutpm.eu\/cudzoziemcy-na-polskim-rynku-pracy-i-rola-zwiazkow-zawodowych\/\",\"url\":\"https:\/\/www.instytutpm.eu\/cudzoziemcy-na-polskim-rynku-pracy-i-rola-zwiazkow-zawodowych\/\",\"name\":\"Cudzoziemcy na polskim rynku pracy I rola zwi\u0105zk\u00f3w zawodowych - Institute Of Migrant Rights\",\"isPartOf\":{\"@id\":\"https:\/\/www.instytutpm.eu\/#website\"},\"primaryImageOfPage\":{\"@id\":\"https:\/\/www.instytutpm.eu\/cudzoziemcy-na-polskim-rynku-pracy-i-rola-zwiazkow-zawodowych\/#primaryimage\"},\"image\":{\"@id\":\"https:\/\/www.instytutpm.eu\/cudzoziemcy-na-polskim-rynku-pracy-i-rola-zwiazkow-zawodowych\/#primaryimage\"},\"thumbnailUrl\":\"https:\/\/www.instytutpm.eu\/wp-content\/uploads\/2021\/03\/people.jpeg\",\"datePublished\":\"2021-03-25T11:14:00+00:00\",\"dateModified\":\"2023-05-19T09:32:59+00:00\",\"description\":\"Naszyme celem jest kszta\u0142cenie spo\u0142ecze\u0144stwa r\u00f3wnych szans \u015bwiadomego swoich praw, poprzez prowadzenie dzia\u0142alno\u015bci konsultacyjnej i szkoleniowej.\",\"breadcrumb\":{\"@id\":\"https:\/\/www.instytutpm.eu\/cudzoziemcy-na-polskim-rynku-pracy-i-rola-zwiazkow-zawodowych\/#breadcrumb\"},\"inLanguage\":\"en-US\",\"potentialAction\":[{\"@type\":\"ReadAction\",\"target\":[\"https:\/\/www.instytutpm.eu\/cudzoziemcy-na-polskim-rynku-pracy-i-rola-zwiazkow-zawodowych\/\"]}]},{\"@type\":\"ImageObject\",\"inLanguage\":\"en-US\",\"@id\":\"https:\/\/www.instytutpm.eu\/cudzoziemcy-na-polskim-rynku-pracy-i-rola-zwiazkow-zawodowych\/#primaryimage\",\"url\":\"https:\/\/www.instytutpm.eu\/wp-content\/uploads\/2021\/03\/people.jpeg\",\"contentUrl\":\"https:\/\/www.instytutpm.eu\/wp-content\/uploads\/2021\/03\/people.jpeg\",\"width\":1080,\"height\":720,\"caption\":\"people\"},{\"@type\":\"BreadcrumbList\",\"@id\":\"https:\/\/www.instytutpm.eu\/cudzoziemcy-na-polskim-rynku-pracy-i-rola-zwiazkow-zawodowych\/#breadcrumb\",\"itemListElement\":[{\"@type\":\"ListItem\",\"position\":1,\"name\":\"Home\",\"item\":\"https:\/\/www.instytutpm.eu\/en\/\"},{\"@type\":\"ListItem\",\"position\":2,\"name\":\"Cudzoziemcy na polskim rynku pracy I rola zwi\u0105zk\u00f3w zawodowych\"}]},{\"@type\":\"WebSite\",\"@id\":\"https:\/\/www.instytutpm.eu\/#website\",\"url\":\"https:\/\/www.instytutpm.eu\/\",\"name\":\"Instytut Praw Migrant\u00f3w\",\"description\":\"Free information support for migrants living in Poland\",\"publisher\":{\"@id\":\"https:\/\/www.instytutpm.eu\/#organization\"},\"alternateName\":\"IPM\",\"potentialAction\":[{\"@type\":\"SearchAction\",\"target\":{\"@type\":\"EntryPoint\",\"urlTemplate\":\"https:\/\/www.instytutpm.eu\/?s={search_term_string}\"},\"query-input\":\"required name=search_term_string\"}],\"inLanguage\":\"en-US\"},{\"@type\":\"Organization\",\"@id\":\"https:\/\/www.instytutpm.eu\/#organization\",\"name\":\"Instytut Praw Migrant\u00f3w\",\"alternateName\":\"IPM\",\"url\":\"https:\/\/www.instytutpm.eu\/\",\"logo\":{\"@type\":\"ImageObject\",\"inLanguage\":\"en-US\",\"@id\":\"https:\/\/www.instytutpm.eu\/#\/schema\/logo\/image\/\",\"url\":\"https:\/\/www.instytutpm.eu\/wp-content\/uploads\/2023\/05\/ipm-logo.jpg\",\"contentUrl\":\"https:\/\/www.instytutpm.eu\/wp-content\/uploads\/2023\/05\/ipm-logo.jpg\",\"width\":238,\"height\":238,\"caption\":\"Instytut Praw Migrant\u00f3w\"},\"image\":{\"@id\":\"https:\/\/www.instytutpm.eu\/#\/schema\/logo\/image\/\"},\"sameAs\":[\"https:\/\/www.facebook.com\/Instytutpm\",\"https:\/\/x.com\/Instytutipm\"]},{\"@type\":\"Person\",\"@id\":\"https:\/\/www.instytutpm.eu\/#\/schema\/person\/786e05d0f6f22e29b93c5ded632d8bd2\",\"name\":\"Instytut Praw Migrant\u00f3w\",\"image\":{\"@type\":\"ImageObject\",\"inLanguage\":\"en-US\",\"@id\":\"https:\/\/www.instytutpm.eu\/#\/schema\/person\/image\/\",\"url\":\"https:\/\/www.instytutpm.eu\/wp-content\/uploads\/2023\/05\/instytut-praw-migrantow_avatar-96x96.jpg\",\"contentUrl\":\"https:\/\/www.instytutpm.eu\/wp-content\/uploads\/2023\/05\/instytut-praw-migrantow_avatar-96x96.jpg\",\"caption\":\"Instytut Praw Migrant\u00f3w\"},\"description\":\"Naszym celem jest kszta\u0142cenie spo\u0142ecze\u0144stwa r\u00f3wnych szans \u015bwiadomego swoich praw, poprzez prowadzenie dzia\u0142alno\u015bci konsultacyjnej i szkoleniowej.\",\"url\":\"https:\/\/www.instytutpm.eu\/en\/author\/bp-admin\/\"}]}<\/script>\n<!-- \/ Yoast SEO plugin. -->","yoast_head_json":{"title":"Cudzoziemcy na polskim rynku pracy I rola zwi\u0105zk\u00f3w zawodowych - Institute Of Migrant Rights","description":"Naszyme celem jest kszta\u0142cenie spo\u0142ecze\u0144stwa r\u00f3wnych szans \u015bwiadomego swoich praw, poprzez prowadzenie dzia\u0142alno\u015bci konsultacyjnej i szkoleniowej.","robots":{"index":"index","follow":"follow","max-snippet":"max-snippet:-1","max-image-preview":"max-image-preview:large","max-video-preview":"max-video-preview:-1"},"canonical":"https:\/\/www.instytutpm.eu\/cudzoziemcy-na-polskim-rynku-pracy-i-rola-zwiazkow-zawodowych\/","og_locale":"en_US","og_type":"article","og_title":"Cudzoziemcy na polskim rynku pracy I rola zwi\u0105zk\u00f3w zawodowych - Institute Of Migrant Rights","og_description":"Naszyme celem jest kszta\u0142cenie spo\u0142ecze\u0144stwa r\u00f3wnych szans \u015bwiadomego swoich praw, poprzez prowadzenie dzia\u0142alno\u015bci konsultacyjnej i szkoleniowej.","og_url":"https:\/\/www.instytutpm.eu\/cudzoziemcy-na-polskim-rynku-pracy-i-rola-zwiazkow-zawodowych\/","og_site_name":"Institute Of Migrant Rights","article_publisher":"https:\/\/www.facebook.com\/Instytutpm","article_published_time":"2021-03-25T11:14:00+00:00","article_modified_time":"2023-05-19T09:32:59+00:00","og_image":[{"width":1080,"height":720,"url":"https:\/\/www.instytutpm.eu\/wp-content\/uploads\/2021\/03\/people.jpeg","type":"image\/jpeg"}],"author":"Instytut Praw Migrant\u00f3w","twitter_card":"summary_large_image","twitter_creator":"@Instytutipm","twitter_site":"@Instytutipm","twitter_misc":{"Written by":"Instytut Praw Migrant\u00f3w","Est. reading time":"4 minutes"},"schema":{"@context":"https:\/\/schema.org","@graph":[{"@type":"Article","@id":"https:\/\/www.instytutpm.eu\/cudzoziemcy-na-polskim-rynku-pracy-i-rola-zwiazkow-zawodowych\/#article","isPartOf":{"@id":"https:\/\/www.instytutpm.eu\/cudzoziemcy-na-polskim-rynku-pracy-i-rola-zwiazkow-zawodowych\/"},"author":{"name":"Instytut Praw Migrant\u00f3w","@id":"https:\/\/www.instytutpm.eu\/#\/schema\/person\/786e05d0f6f22e29b93c5ded632d8bd2"},"headline":"Cudzoziemcy na polskim rynku pracy I rola zwi\u0105zk\u00f3w zawodowych","datePublished":"2021-03-25T11:14:00+00:00","dateModified":"2023-05-19T09:32:59+00:00","mainEntityOfPage":{"@id":"https:\/\/www.instytutpm.eu\/cudzoziemcy-na-polskim-rynku-pracy-i-rola-zwiazkow-zawodowych\/"},"wordCount":1070,"publisher":{"@id":"https:\/\/www.instytutpm.eu\/#organization"},"image":{"@id":"https:\/\/www.instytutpm.eu\/cudzoziemcy-na-polskim-rynku-pracy-i-rola-zwiazkow-zawodowych\/#primaryimage"},"thumbnailUrl":"https:\/\/www.instytutpm.eu\/wp-content\/uploads\/2021\/03\/people.jpeg","articleSection":["IPM","Praca"],"inLanguage":"en-US"},{"@type":"WebPage","@id":"https:\/\/www.instytutpm.eu\/cudzoziemcy-na-polskim-rynku-pracy-i-rola-zwiazkow-zawodowych\/","url":"https:\/\/www.instytutpm.eu\/cudzoziemcy-na-polskim-rynku-pracy-i-rola-zwiazkow-zawodowych\/","name":"Cudzoziemcy na polskim rynku pracy I rola zwi\u0105zk\u00f3w zawodowych - Institute Of Migrant Rights","isPartOf":{"@id":"https:\/\/www.instytutpm.eu\/#website"},"primaryImageOfPage":{"@id":"https:\/\/www.instytutpm.eu\/cudzoziemcy-na-polskim-rynku-pracy-i-rola-zwiazkow-zawodowych\/#primaryimage"},"image":{"@id":"https:\/\/www.instytutpm.eu\/cudzoziemcy-na-polskim-rynku-pracy-i-rola-zwiazkow-zawodowych\/#primaryimage"},"thumbnailUrl":"https:\/\/www.instytutpm.eu\/wp-content\/uploads\/2021\/03\/people.jpeg","datePublished":"2021-03-25T11:14:00+00:00","dateModified":"2023-05-19T09:32:59+00:00","description":"Naszyme celem jest kszta\u0142cenie spo\u0142ecze\u0144stwa r\u00f3wnych szans \u015bwiadomego swoich praw, poprzez prowadzenie dzia\u0142alno\u015bci konsultacyjnej i szkoleniowej.","breadcrumb":{"@id":"https:\/\/www.instytutpm.eu\/cudzoziemcy-na-polskim-rynku-pracy-i-rola-zwiazkow-zawodowych\/#breadcrumb"},"inLanguage":"en-US","potentialAction":[{"@type":"ReadAction","target":["https:\/\/www.instytutpm.eu\/cudzoziemcy-na-polskim-rynku-pracy-i-rola-zwiazkow-zawodowych\/"]}]},{"@type":"ImageObject","inLanguage":"en-US","@id":"https:\/\/www.instytutpm.eu\/cudzoziemcy-na-polskim-rynku-pracy-i-rola-zwiazkow-zawodowych\/#primaryimage","url":"https:\/\/www.instytutpm.eu\/wp-content\/uploads\/2021\/03\/people.jpeg","contentUrl":"https:\/\/www.instytutpm.eu\/wp-content\/uploads\/2021\/03\/people.jpeg","width":1080,"height":720,"caption":"people"},{"@type":"BreadcrumbList","@id":"https:\/\/www.instytutpm.eu\/cudzoziemcy-na-polskim-rynku-pracy-i-rola-zwiazkow-zawodowych\/#breadcrumb","itemListElement":[{"@type":"ListItem","position":1,"name":"Home","item":"https:\/\/www.instytutpm.eu\/en\/"},{"@type":"ListItem","position":2,"name":"Cudzoziemcy na polskim rynku pracy I rola zwi\u0105zk\u00f3w zawodowych"}]},{"@type":"WebSite","@id":"https:\/\/www.instytutpm.eu\/#website","url":"https:\/\/www.instytutpm.eu\/","name":"Instytut Praw Migrant\u00f3w","description":"Free information support for migrants living in Poland","publisher":{"@id":"https:\/\/www.instytutpm.eu\/#organization"},"alternateName":"IPM","potentialAction":[{"@type":"SearchAction","target":{"@type":"EntryPoint","urlTemplate":"https:\/\/www.instytutpm.eu\/?s={search_term_string}"},"query-input":"required name=search_term_string"}],"inLanguage":"en-US"},{"@type":"Organization","@id":"https:\/\/www.instytutpm.eu\/#organization","name":"Instytut Praw Migrant\u00f3w","alternateName":"IPM","url":"https:\/\/www.instytutpm.eu\/","logo":{"@type":"ImageObject","inLanguage":"en-US","@id":"https:\/\/www.instytutpm.eu\/#\/schema\/logo\/image\/","url":"https:\/\/www.instytutpm.eu\/wp-content\/uploads\/2023\/05\/ipm-logo.jpg","contentUrl":"https:\/\/www.instytutpm.eu\/wp-content\/uploads\/2023\/05\/ipm-logo.jpg","width":238,"height":238,"caption":"Instytut Praw Migrant\u00f3w"},"image":{"@id":"https:\/\/www.instytutpm.eu\/#\/schema\/logo\/image\/"},"sameAs":["https:\/\/www.facebook.com\/Instytutpm","https:\/\/x.com\/Instytutipm"]},{"@type":"Person","@id":"https:\/\/www.instytutpm.eu\/#\/schema\/person\/786e05d0f6f22e29b93c5ded632d8bd2","name":"Instytut Praw Migrant\u00f3w","image":{"@type":"ImageObject","inLanguage":"en-US","@id":"https:\/\/www.instytutpm.eu\/#\/schema\/person\/image\/","url":"https:\/\/www.instytutpm.eu\/wp-content\/uploads\/2023\/05\/instytut-praw-migrantow_avatar-96x96.jpg","contentUrl":"https:\/\/www.instytutpm.eu\/wp-content\/uploads\/2023\/05\/instytut-praw-migrantow_avatar-96x96.jpg","caption":"Instytut Praw Migrant\u00f3w"},"description":"Naszym celem jest kszta\u0142cenie spo\u0142ecze\u0144stwa r\u00f3wnych szans \u015bwiadomego swoich praw, poprzez prowadzenie dzia\u0142alno\u015bci konsultacyjnej i szkoleniowej.","url":"https:\/\/www.instytutpm.eu\/en\/author\/bp-admin\/"}]}},"author_meta":{"display_name":"Instytut Praw Migrant\u00f3w","author_link":"https:\/\/www.instytutpm.eu\/en\/author\/bp-admin\/"},"featured_img":"https:\/\/www.instytutpm.eu\/wp-content\/uploads\/2021\/03\/people-600x400.jpeg","coauthors":[],"tax_additional":{"categories":{"linked":["<a href=\"https:\/\/www.instytutpm.eu\/en\/category\/instytut-praw-migrantow\/\" class=\"advgb-post-tax-term\">IPM<\/a>","<a href=\"https:\/\/www.instytutpm.eu\/en\/category\/praca\/\" class=\"advgb-post-tax-term\">Praca<\/a>"],"unlinked":["<span class=\"advgb-post-tax-term\">IPM<\/span>","<span class=\"advgb-post-tax-term\">Praca<\/span>"]}},"comment_count":"0","relative_dates":{"created":"Posted 5 years ago","modified":"Updated 3 years ago"},"absolute_dates":{"created":"Posted on 2021-03-25","modified":"Updated on 2023-05-19"},"absolute_dates_time":{"created":"Posted on 2021-03-25 12:14","modified":"Updated on 2023-05-19 11:32"},"featured_img_caption":"","series_order":"","_links":{"self":[{"href":"https:\/\/www.instytutpm.eu\/en\/wp-json\/wp\/v2\/posts\/260","targetHints":{"allow":["GET"]}}],"collection":[{"href":"https:\/\/www.instytutpm.eu\/en\/wp-json\/wp\/v2\/posts"}],"about":[{"href":"https:\/\/www.instytutpm.eu\/en\/wp-json\/wp\/v2\/types\/post"}],"author":[{"embeddable":true,"href":"https:\/\/www.instytutpm.eu\/en\/wp-json\/wp\/v2\/users\/2"}],"replies":[{"embeddable":true,"href":"https:\/\/www.instytutpm.eu\/en\/wp-json\/wp\/v2\/comments?post=260"}],"version-history":[{"count":2,"href":"https:\/\/www.instytutpm.eu\/en\/wp-json\/wp\/v2\/posts\/260\/revisions"}],"predecessor-version":[{"id":1752,"href":"https:\/\/www.instytutpm.eu\/en\/wp-json\/wp\/v2\/posts\/260\/revisions\/1752"}],"wp:featuredmedia":[{"embeddable":true,"href":"https:\/\/www.instytutpm.eu\/en\/wp-json\/wp\/v2\/media\/1749"}],"wp:attachment":[{"href":"https:\/\/www.instytutpm.eu\/en\/wp-json\/wp\/v2\/media?parent=260"}],"wp:term":[{"taxonomy":"category","embeddable":true,"href":"https:\/\/www.instytutpm.eu\/en\/wp-json\/wp\/v2\/categories?post=260"},{"taxonomy":"post_tag","embeddable":true,"href":"https:\/\/www.instytutpm.eu\/en\/wp-json\/wp\/v2\/tags?post=260"}],"curies":[{"name":"wp","href":"https:\/\/api.w.org\/{rel}","templated":true}]}}