{"id":228,"date":"2020-12-08T11:56:00","date_gmt":"2020-12-08T10:56:00","guid":{"rendered":"https:\/\/www.instytutpm.eu\/?p=228"},"modified":"2023-05-19T11:51:36","modified_gmt":"2023-05-19T09:51:36","slug":"komu-nadac-status-uchodzcy-ludziom-demokratom-czy-opozycjonistom","status":"publish","type":"post","link":"https:\/\/www.instytutpm.eu\/en\/komu-nadac-status-uchodzcy-ludziom-demokratom-czy-opozycjonistom\/","title":{"rendered":"Komu nada\u0107 status uchod\u017acy? Ludziom, demokratom czy opozycjonistom?"},"content":{"rendered":"\n<p>The law on granting foreign nationals protection on the territory of the Republic of Poland determines who can be granted refugee status. In this Article, we will consider how to proceed with the granting of refugee status as a matter of fact. That is, what are the most important values.<\/p>\n\n\n\n<p>To, komu nadaje si\u0119 status uchod\u017acy, okre\u015bla ustawa o udzielaniu cudzoziemcom ochrony na terytorium Rzeczypospolitej Polskiej. W tym artykule zastanowimy si\u0119 nad czym\u015b innym, zastanowimy si\u0119 nad tym jak aksjologicznie powinni\u015bmy podchodzi\u0107 do nadawania statusu uchod\u017acy. Czyli nad tym, jakie warto\u015bci s\u0105 najwa\u017cniejsze.&nbsp;<\/p>\n\n\n\n<h2 class=\"wp-block-heading\"><strong>Status uchod\u017acy w r\u00f3\u017cnych krajach<\/strong><\/h2>\n\n\n\n<p>Nie chodzi o to, \u017ceby pokazywa\u0107 tryumf takiej czy innej koncepcji przyjmowania lub nieprzyjmowania cudzoziemc\u00f3w. Chodzi o przemy\u015blenie kwestii: czemu ma s\u0142u\u017cy\u0107 status uchod\u017acy. Jaki\u015b czas temu media na ca\u0142ym \u015bwiecie obieg\u0142 news, \u017ce m\u0142ody m\u0119\u017cczyzna pochodz\u0105cy z Czeczeni dokona\u0142 morderstwa na francuskim nauczycielu. Dodatkow\u0105 informacj\u0105, kt\u00f3ra pojawi\u0142a si\u0119 w mediach, bez wzgl\u0119du na to czy by\u0142a prawdziwa, czy te\u017c nie, by\u0142o to, \u017ce kilkana\u015bcie lat wcze\u015bniej ojciec tego zamachowca ubiega\u0142 si\u0119 o nadanie statusu uchod\u017acy na terytorium Polski. Rzeczpospolita mia\u0142a mu odm\u00f3wi\u0107, natomiast po pewnym czasie, pomimo w\u0105tpliwo\u015bci status ten nada\u0142a mu Republika Francuska.&nbsp;<\/p>\n\n\n\n<figure class=\"wp-block-image size-full\"><img loading=\"lazy\" decoding=\"async\" width=\"720\" height=\"480\" src=\"https:\/\/www.instytutpm.eu\/wp-content\/uploads\/2022\/12\/urodziny-ipm.jpeg\" alt=\"urodziny-ipm\" class=\"wp-image-1724\"\/><\/figure>\n\n\n\n<h2 class=\"wp-block-heading\"><strong>Komu i dlaczego nadaje si\u0119 status uchod\u017acy<\/strong><\/h2>\n\n\n\n<p>Kiedy\u015b dotar\u0142a do mnie anegdota, w kt\u00f3rej to jedna osoba pyta\u0142a, czy dosta\u0142a by statusu uchod\u017acy tylko dlatego, \u017ce nienawidzi w\u0142adz swojego kraju? Odpowied\u017a jest prosta, taka osoba nie powinna dosta\u0107 status uchod\u017acy. Je\u017celi nie wype\u0142nia osobi\u015bcie przes\u0142anek udzielenia takiego statusu, to mimo jego najwi\u0119kszej niech\u0119ci do panuj\u0105cego re\u017cimu w kraju pochodzenia, ten status mu si\u0119 nie nale\u017cy.&nbsp; Z drugiej jednak strony, je\u017celi mamy osob\u0119, kt\u00f3ra nie pasuje do naszego kodu kulturowego, ale wype\u0142nia przes\u0142anki ustawowe udzielenia mu statusu uchod\u017acy, to chocia\u017cby by\u0142 fundamentalist\u0105 innej religii &#8211; to nale\u017cy takiego statusu udzieli\u0107. Dlaczego? Statusu uchod\u017acy nie udziela si\u0119 bowiem dlatego, \u017ce my lubimy b\u0105d\u017a nie lubimy danej jednostki czy danej grupy. Nie ma na to wp\u0142ywu to, jak osoba odnosi si\u0119 do innego kodu kulturowego,&nbsp; chodzi o warto\u015b\u0107 najwy\u017csz\u0105, czyli o ochron\u0119 \u017cycia tego cz\u0142owieka. Dlatego te\u017c, m\u00f3wi\u0105c o uchod\u017acach, powinni\u015bmy pami\u0119ta\u0107 o tym, \u017ce m\u00f3wimy o \u017cyciu cz\u0142owieka. Je\u017celi w jakikolwiek spos\u00f3b jeste\u015bmy za ochron\u0105 \u017cycia ludzkiego, od jego naturalnego pocz\u0105tku do naturalnego ko\u0144ca, to powinni\u015bmy by\u0107 za udzieleniem statusu uchod\u017acy. Jednocze\u015bnie pami\u0119taj\u0105c, \u017ce nie mo\u017cna miesza\u0107 statusu uchod\u017acy z migracj\u0105 ekonomiczn\u0105.&nbsp;<\/p>\n\n\n\n<h3 class=\"wp-block-heading\">JE\u017bELI ZACZNIEMY NADAWA\u0106 STATUS UCHOD\u0179CY TYLKO DLATEGO, \u017bE KTO\u015a NIE LUBI RE\u017bIMU POLITYCZNEGO W\u0141ASNEGO KRAJU, A NIE DLATEGO, \u017bE M\u00d3G\u0141BYM W KRAJU POCHODZENIA STRACI\u0106 \u017bYCIE, TO JAKI STATUS ZACZNIEMY NADAWA\u0106 KIEDY ROZPOCZ\u0104\u0141BY SI\u0118 TAM KONFLIKT ZBROJNY?<\/h3>\n\n\n\n<p>Czy w momencie kiedy realnie czyje\u015b \u017cycie b\u0119dzie zagro\u017cone, czy zabraknie nam wtedy skali, czy perspektywa si\u0119 zmieni? Prawo musi by\u0107 jasne, prawo musi by\u0107 pewne i prawo musi pos\u0142ugiwa\u0107 si\u0119 pewn\u0105 aksjologi\u0105, pewnymi warto\u015bciami, a warto\u015bci\u0105 najwy\u017csz\u0105 dla prawa b\u0119dzie \u017cycie cz\u0142owieka, wszystko inne b\u0119dzie mia\u0142o warto\u015b\u0107 ni\u017csz\u0105.<\/p>\n","protected":false},"excerpt":{"rendered":"<p>The law on granting foreign nationals protection on the territory of the Republic of Poland determines who can be granted refugee status. In this Article, we will consider how to proceed with the granting of refugee status as a matter of fact. That is, what are the most important values. To, komu nadaje si\u0119 status&#8230;<\/p>\n","protected":false},"author":2,"featured_media":1724,"comment_status":"closed","ping_status":"closed","sticky":false,"template":"","format":"standard","meta":{"inline_featured_image":false,"advgb_blocks_editor_width":"","advgb_blocks_columns_visual_guide":"","footnotes":""},"categories":[1],"tags":[],"class_list":["post-228","post","type-post","status-publish","format-standard","has-post-thumbnail","hentry","category-instytut-praw-migrantow"],"yoast_head":"<!-- This site is optimized with the Yoast SEO plugin v23.0 - https:\/\/yoast.com\/wordpress\/plugins\/seo\/ -->\n<title>Komu nada\u0107 status uchod\u017acy? Ludziom, demokratom czy opozycjonistom? - Institute Of Migrant Rights<\/title>\n<meta name=\"description\" content=\"Naszyme celem jest kszta\u0142cenie spo\u0142ecze\u0144stwa r\u00f3wnych szans \u015bwiadomego swoich praw, poprzez prowadzenie dzia\u0142alno\u015bci konsultacyjnej i szkoleniowej.\" \/>\n<meta name=\"robots\" content=\"index, follow, max-snippet:-1, max-image-preview:large, max-video-preview:-1\" \/>\n<link rel=\"canonical\" href=\"https:\/\/www.instytutpm.eu\/komu-nadac-status-uchodzcy-ludziom-demokratom-czy-opozycjonistom\/\" \/>\n<meta property=\"og:locale\" content=\"en_US\" \/>\n<meta property=\"og:type\" content=\"article\" \/>\n<meta property=\"og:title\" content=\"Komu nada\u0107 status uchod\u017acy? Ludziom, demokratom czy opozycjonistom? - Institute Of Migrant Rights\" \/>\n<meta property=\"og:description\" content=\"Naszyme celem jest kszta\u0142cenie spo\u0142ecze\u0144stwa r\u00f3wnych szans \u015bwiadomego swoich praw, poprzez prowadzenie dzia\u0142alno\u015bci konsultacyjnej i szkoleniowej.\" \/>\n<meta property=\"og:url\" content=\"https:\/\/www.instytutpm.eu\/komu-nadac-status-uchodzcy-ludziom-demokratom-czy-opozycjonistom\/\" \/>\n<meta property=\"og:site_name\" content=\"Institute Of Migrant Rights\" \/>\n<meta property=\"article:publisher\" content=\"https:\/\/www.facebook.com\/Instytutpm\" \/>\n<meta property=\"article:published_time\" content=\"2020-12-08T10:56:00+00:00\" \/>\n<meta property=\"article:modified_time\" content=\"2023-05-19T09:51:36+00:00\" \/>\n<meta property=\"og:image\" content=\"https:\/\/www.instytutpm.eu\/wp-content\/uploads\/2022\/12\/urodziny-ipm.jpeg\" \/>\n\t<meta property=\"og:image:width\" content=\"720\" \/>\n\t<meta property=\"og:image:height\" content=\"480\" \/>\n\t<meta property=\"og:image:type\" content=\"image\/jpeg\" \/>\n<meta name=\"author\" content=\"Instytut Praw Migrant\u00f3w\" \/>\n<meta name=\"twitter:card\" content=\"summary_large_image\" \/>\n<meta name=\"twitter:creator\" content=\"@Instytutipm\" \/>\n<meta name=\"twitter:site\" content=\"@Instytutipm\" \/>\n<meta name=\"twitter:label1\" content=\"Written by\" \/>\n\t<meta name=\"twitter:data1\" content=\"Instytut Praw Migrant\u00f3w\" \/>\n\t<meta name=\"twitter:label2\" content=\"Est. reading time\" \/>\n\t<meta name=\"twitter:data2\" content=\"3 minutes\" \/>\n<script type=\"application\/ld+json\" class=\"yoast-schema-graph\">{\"@context\":\"https:\/\/schema.org\",\"@graph\":[{\"@type\":\"Article\",\"@id\":\"https:\/\/www.instytutpm.eu\/komu-nadac-status-uchodzcy-ludziom-demokratom-czy-opozycjonistom\/#article\",\"isPartOf\":{\"@id\":\"https:\/\/www.instytutpm.eu\/komu-nadac-status-uchodzcy-ludziom-demokratom-czy-opozycjonistom\/\"},\"author\":{\"name\":\"Instytut Praw Migrant\u00f3w\",\"@id\":\"https:\/\/www.instytutpm.eu\/#\/schema\/person\/786e05d0f6f22e29b93c5ded632d8bd2\"},\"headline\":\"Komu nada\u0107 status uchod\u017acy? Ludziom, demokratom czy opozycjonistom?\",\"datePublished\":\"2020-12-08T10:56:00+00:00\",\"dateModified\":\"2023-05-19T09:51:36+00:00\",\"mainEntityOfPage\":{\"@id\":\"https:\/\/www.instytutpm.eu\/komu-nadac-status-uchodzcy-ludziom-demokratom-czy-opozycjonistom\/\"},\"wordCount\":578,\"publisher\":{\"@id\":\"https:\/\/www.instytutpm.eu\/#organization\"},\"image\":{\"@id\":\"https:\/\/www.instytutpm.eu\/komu-nadac-status-uchodzcy-ludziom-demokratom-czy-opozycjonistom\/#primaryimage\"},\"thumbnailUrl\":\"https:\/\/www.instytutpm.eu\/wp-content\/uploads\/2022\/12\/urodziny-ipm.jpeg\",\"articleSection\":[\"IPM\"],\"inLanguage\":\"en-US\"},{\"@type\":\"WebPage\",\"@id\":\"https:\/\/www.instytutpm.eu\/komu-nadac-status-uchodzcy-ludziom-demokratom-czy-opozycjonistom\/\",\"url\":\"https:\/\/www.instytutpm.eu\/komu-nadac-status-uchodzcy-ludziom-demokratom-czy-opozycjonistom\/\",\"name\":\"Komu nada\u0107 status uchod\u017acy? Ludziom, demokratom czy opozycjonistom? - Institute Of Migrant Rights\",\"isPartOf\":{\"@id\":\"https:\/\/www.instytutpm.eu\/#website\"},\"primaryImageOfPage\":{\"@id\":\"https:\/\/www.instytutpm.eu\/komu-nadac-status-uchodzcy-ludziom-demokratom-czy-opozycjonistom\/#primaryimage\"},\"image\":{\"@id\":\"https:\/\/www.instytutpm.eu\/komu-nadac-status-uchodzcy-ludziom-demokratom-czy-opozycjonistom\/#primaryimage\"},\"thumbnailUrl\":\"https:\/\/www.instytutpm.eu\/wp-content\/uploads\/2022\/12\/urodziny-ipm.jpeg\",\"datePublished\":\"2020-12-08T10:56:00+00:00\",\"dateModified\":\"2023-05-19T09:51:36+00:00\",\"description\":\"Naszyme celem jest kszta\u0142cenie spo\u0142ecze\u0144stwa r\u00f3wnych szans \u015bwiadomego swoich praw, poprzez prowadzenie dzia\u0142alno\u015bci konsultacyjnej i szkoleniowej.\",\"breadcrumb\":{\"@id\":\"https:\/\/www.instytutpm.eu\/komu-nadac-status-uchodzcy-ludziom-demokratom-czy-opozycjonistom\/#breadcrumb\"},\"inLanguage\":\"en-US\",\"potentialAction\":[{\"@type\":\"ReadAction\",\"target\":[\"https:\/\/www.instytutpm.eu\/komu-nadac-status-uchodzcy-ludziom-demokratom-czy-opozycjonistom\/\"]}]},{\"@type\":\"ImageObject\",\"inLanguage\":\"en-US\",\"@id\":\"https:\/\/www.instytutpm.eu\/komu-nadac-status-uchodzcy-ludziom-demokratom-czy-opozycjonistom\/#primaryimage\",\"url\":\"https:\/\/www.instytutpm.eu\/wp-content\/uploads\/2022\/12\/urodziny-ipm.jpeg\",\"contentUrl\":\"https:\/\/www.instytutpm.eu\/wp-content\/uploads\/2022\/12\/urodziny-ipm.jpeg\",\"width\":720,\"height\":480,\"caption\":\"urodziny-ipm\"},{\"@type\":\"BreadcrumbList\",\"@id\":\"https:\/\/www.instytutpm.eu\/komu-nadac-status-uchodzcy-ludziom-demokratom-czy-opozycjonistom\/#breadcrumb\",\"itemListElement\":[{\"@type\":\"ListItem\",\"position\":1,\"name\":\"Home\",\"item\":\"https:\/\/www.instytutpm.eu\/en\/\"},{\"@type\":\"ListItem\",\"position\":2,\"name\":\"Komu nada\u0107 status uchod\u017acy? Ludziom, demokratom czy opozycjonistom?\"}]},{\"@type\":\"WebSite\",\"@id\":\"https:\/\/www.instytutpm.eu\/#website\",\"url\":\"https:\/\/www.instytutpm.eu\/\",\"name\":\"Instytut Praw Migrant\u00f3w\",\"description\":\"Free information support for migrants living in Poland\",\"publisher\":{\"@id\":\"https:\/\/www.instytutpm.eu\/#organization\"},\"alternateName\":\"IPM\",\"potentialAction\":[{\"@type\":\"SearchAction\",\"target\":{\"@type\":\"EntryPoint\",\"urlTemplate\":\"https:\/\/www.instytutpm.eu\/?s={search_term_string}\"},\"query-input\":\"required name=search_term_string\"}],\"inLanguage\":\"en-US\"},{\"@type\":\"Organization\",\"@id\":\"https:\/\/www.instytutpm.eu\/#organization\",\"name\":\"Instytut Praw Migrant\u00f3w\",\"alternateName\":\"IPM\",\"url\":\"https:\/\/www.instytutpm.eu\/\",\"logo\":{\"@type\":\"ImageObject\",\"inLanguage\":\"en-US\",\"@id\":\"https:\/\/www.instytutpm.eu\/#\/schema\/logo\/image\/\",\"url\":\"https:\/\/www.instytutpm.eu\/wp-content\/uploads\/2023\/05\/ipm-logo.jpg\",\"contentUrl\":\"https:\/\/www.instytutpm.eu\/wp-content\/uploads\/2023\/05\/ipm-logo.jpg\",\"width\":238,\"height\":238,\"caption\":\"Instytut Praw Migrant\u00f3w\"},\"image\":{\"@id\":\"https:\/\/www.instytutpm.eu\/#\/schema\/logo\/image\/\"},\"sameAs\":[\"https:\/\/www.facebook.com\/Instytutpm\",\"https:\/\/x.com\/Instytutipm\"]},{\"@type\":\"Person\",\"@id\":\"https:\/\/www.instytutpm.eu\/#\/schema\/person\/786e05d0f6f22e29b93c5ded632d8bd2\",\"name\":\"Instytut Praw Migrant\u00f3w\",\"image\":{\"@type\":\"ImageObject\",\"inLanguage\":\"en-US\",\"@id\":\"https:\/\/www.instytutpm.eu\/#\/schema\/person\/image\/\",\"url\":\"https:\/\/www.instytutpm.eu\/wp-content\/uploads\/2023\/05\/instytut-praw-migrantow_avatar-96x96.jpg\",\"contentUrl\":\"https:\/\/www.instytutpm.eu\/wp-content\/uploads\/2023\/05\/instytut-praw-migrantow_avatar-96x96.jpg\",\"caption\":\"Instytut Praw Migrant\u00f3w\"},\"description\":\"Naszym celem jest kszta\u0142cenie spo\u0142ecze\u0144stwa r\u00f3wnych szans \u015bwiadomego swoich praw, poprzez prowadzenie dzia\u0142alno\u015bci konsultacyjnej i szkoleniowej.\",\"url\":\"https:\/\/www.instytutpm.eu\/en\/author\/bp-admin\/\"}]}<\/script>\n<!-- \/ Yoast SEO plugin. -->","yoast_head_json":{"title":"Komu nada\u0107 status uchod\u017acy? Ludziom, demokratom czy opozycjonistom? - Institute Of Migrant Rights","description":"Naszyme celem jest kszta\u0142cenie spo\u0142ecze\u0144stwa r\u00f3wnych szans \u015bwiadomego swoich praw, poprzez prowadzenie dzia\u0142alno\u015bci konsultacyjnej i szkoleniowej.","robots":{"index":"index","follow":"follow","max-snippet":"max-snippet:-1","max-image-preview":"max-image-preview:large","max-video-preview":"max-video-preview:-1"},"canonical":"https:\/\/www.instytutpm.eu\/komu-nadac-status-uchodzcy-ludziom-demokratom-czy-opozycjonistom\/","og_locale":"en_US","og_type":"article","og_title":"Komu nada\u0107 status uchod\u017acy? Ludziom, demokratom czy opozycjonistom? - Institute Of Migrant Rights","og_description":"Naszyme celem jest kszta\u0142cenie spo\u0142ecze\u0144stwa r\u00f3wnych szans \u015bwiadomego swoich praw, poprzez prowadzenie dzia\u0142alno\u015bci konsultacyjnej i szkoleniowej.","og_url":"https:\/\/www.instytutpm.eu\/komu-nadac-status-uchodzcy-ludziom-demokratom-czy-opozycjonistom\/","og_site_name":"Institute Of Migrant Rights","article_publisher":"https:\/\/www.facebook.com\/Instytutpm","article_published_time":"2020-12-08T10:56:00+00:00","article_modified_time":"2023-05-19T09:51:36+00:00","og_image":[{"width":720,"height":480,"url":"https:\/\/www.instytutpm.eu\/wp-content\/uploads\/2022\/12\/urodziny-ipm.jpeg","type":"image\/jpeg"}],"author":"Instytut Praw Migrant\u00f3w","twitter_card":"summary_large_image","twitter_creator":"@Instytutipm","twitter_site":"@Instytutipm","twitter_misc":{"Written by":"Instytut Praw Migrant\u00f3w","Est. reading time":"3 minutes"},"schema":{"@context":"https:\/\/schema.org","@graph":[{"@type":"Article","@id":"https:\/\/www.instytutpm.eu\/komu-nadac-status-uchodzcy-ludziom-demokratom-czy-opozycjonistom\/#article","isPartOf":{"@id":"https:\/\/www.instytutpm.eu\/komu-nadac-status-uchodzcy-ludziom-demokratom-czy-opozycjonistom\/"},"author":{"name":"Instytut Praw Migrant\u00f3w","@id":"https:\/\/www.instytutpm.eu\/#\/schema\/person\/786e05d0f6f22e29b93c5ded632d8bd2"},"headline":"Komu nada\u0107 status uchod\u017acy? Ludziom, demokratom czy opozycjonistom?","datePublished":"2020-12-08T10:56:00+00:00","dateModified":"2023-05-19T09:51:36+00:00","mainEntityOfPage":{"@id":"https:\/\/www.instytutpm.eu\/komu-nadac-status-uchodzcy-ludziom-demokratom-czy-opozycjonistom\/"},"wordCount":578,"publisher":{"@id":"https:\/\/www.instytutpm.eu\/#organization"},"image":{"@id":"https:\/\/www.instytutpm.eu\/komu-nadac-status-uchodzcy-ludziom-demokratom-czy-opozycjonistom\/#primaryimage"},"thumbnailUrl":"https:\/\/www.instytutpm.eu\/wp-content\/uploads\/2022\/12\/urodziny-ipm.jpeg","articleSection":["IPM"],"inLanguage":"en-US"},{"@type":"WebPage","@id":"https:\/\/www.instytutpm.eu\/komu-nadac-status-uchodzcy-ludziom-demokratom-czy-opozycjonistom\/","url":"https:\/\/www.instytutpm.eu\/komu-nadac-status-uchodzcy-ludziom-demokratom-czy-opozycjonistom\/","name":"Komu nada\u0107 status uchod\u017acy? Ludziom, demokratom czy opozycjonistom? - Institute Of Migrant Rights","isPartOf":{"@id":"https:\/\/www.instytutpm.eu\/#website"},"primaryImageOfPage":{"@id":"https:\/\/www.instytutpm.eu\/komu-nadac-status-uchodzcy-ludziom-demokratom-czy-opozycjonistom\/#primaryimage"},"image":{"@id":"https:\/\/www.instytutpm.eu\/komu-nadac-status-uchodzcy-ludziom-demokratom-czy-opozycjonistom\/#primaryimage"},"thumbnailUrl":"https:\/\/www.instytutpm.eu\/wp-content\/uploads\/2022\/12\/urodziny-ipm.jpeg","datePublished":"2020-12-08T10:56:00+00:00","dateModified":"2023-05-19T09:51:36+00:00","description":"Naszyme celem jest kszta\u0142cenie spo\u0142ecze\u0144stwa r\u00f3wnych szans \u015bwiadomego swoich praw, poprzez prowadzenie dzia\u0142alno\u015bci konsultacyjnej i szkoleniowej.","breadcrumb":{"@id":"https:\/\/www.instytutpm.eu\/komu-nadac-status-uchodzcy-ludziom-demokratom-czy-opozycjonistom\/#breadcrumb"},"inLanguage":"en-US","potentialAction":[{"@type":"ReadAction","target":["https:\/\/www.instytutpm.eu\/komu-nadac-status-uchodzcy-ludziom-demokratom-czy-opozycjonistom\/"]}]},{"@type":"ImageObject","inLanguage":"en-US","@id":"https:\/\/www.instytutpm.eu\/komu-nadac-status-uchodzcy-ludziom-demokratom-czy-opozycjonistom\/#primaryimage","url":"https:\/\/www.instytutpm.eu\/wp-content\/uploads\/2022\/12\/urodziny-ipm.jpeg","contentUrl":"https:\/\/www.instytutpm.eu\/wp-content\/uploads\/2022\/12\/urodziny-ipm.jpeg","width":720,"height":480,"caption":"urodziny-ipm"},{"@type":"BreadcrumbList","@id":"https:\/\/www.instytutpm.eu\/komu-nadac-status-uchodzcy-ludziom-demokratom-czy-opozycjonistom\/#breadcrumb","itemListElement":[{"@type":"ListItem","position":1,"name":"Home","item":"https:\/\/www.instytutpm.eu\/en\/"},{"@type":"ListItem","position":2,"name":"Komu nada\u0107 status uchod\u017acy? Ludziom, demokratom czy opozycjonistom?"}]},{"@type":"WebSite","@id":"https:\/\/www.instytutpm.eu\/#website","url":"https:\/\/www.instytutpm.eu\/","name":"Instytut Praw Migrant\u00f3w","description":"Free information support for migrants living in Poland","publisher":{"@id":"https:\/\/www.instytutpm.eu\/#organization"},"alternateName":"IPM","potentialAction":[{"@type":"SearchAction","target":{"@type":"EntryPoint","urlTemplate":"https:\/\/www.instytutpm.eu\/?s={search_term_string}"},"query-input":"required name=search_term_string"}],"inLanguage":"en-US"},{"@type":"Organization","@id":"https:\/\/www.instytutpm.eu\/#organization","name":"Instytut Praw Migrant\u00f3w","alternateName":"IPM","url":"https:\/\/www.instytutpm.eu\/","logo":{"@type":"ImageObject","inLanguage":"en-US","@id":"https:\/\/www.instytutpm.eu\/#\/schema\/logo\/image\/","url":"https:\/\/www.instytutpm.eu\/wp-content\/uploads\/2023\/05\/ipm-logo.jpg","contentUrl":"https:\/\/www.instytutpm.eu\/wp-content\/uploads\/2023\/05\/ipm-logo.jpg","width":238,"height":238,"caption":"Instytut Praw Migrant\u00f3w"},"image":{"@id":"https:\/\/www.instytutpm.eu\/#\/schema\/logo\/image\/"},"sameAs":["https:\/\/www.facebook.com\/Instytutpm","https:\/\/x.com\/Instytutipm"]},{"@type":"Person","@id":"https:\/\/www.instytutpm.eu\/#\/schema\/person\/786e05d0f6f22e29b93c5ded632d8bd2","name":"Instytut Praw Migrant\u00f3w","image":{"@type":"ImageObject","inLanguage":"en-US","@id":"https:\/\/www.instytutpm.eu\/#\/schema\/person\/image\/","url":"https:\/\/www.instytutpm.eu\/wp-content\/uploads\/2023\/05\/instytut-praw-migrantow_avatar-96x96.jpg","contentUrl":"https:\/\/www.instytutpm.eu\/wp-content\/uploads\/2023\/05\/instytut-praw-migrantow_avatar-96x96.jpg","caption":"Instytut Praw Migrant\u00f3w"},"description":"Naszym celem jest kszta\u0142cenie spo\u0142ecze\u0144stwa r\u00f3wnych szans \u015bwiadomego swoich praw, poprzez prowadzenie dzia\u0142alno\u015bci konsultacyjnej i szkoleniowej.","url":"https:\/\/www.instytutpm.eu\/en\/author\/bp-admin\/"}]}},"author_meta":{"display_name":"Instytut Praw Migrant\u00f3w","author_link":"https:\/\/www.instytutpm.eu\/en\/author\/bp-admin\/"},"featured_img":"https:\/\/www.instytutpm.eu\/wp-content\/uploads\/2022\/12\/urodziny-ipm-600x400.jpeg","coauthors":[],"tax_additional":{"categories":{"linked":["<a href=\"https:\/\/www.instytutpm.eu\/en\/category\/instytut-praw-migrantow\/\" class=\"advgb-post-tax-term\">IPM<\/a>"],"unlinked":["<span class=\"advgb-post-tax-term\">IPM<\/span>"]}},"comment_count":"0","relative_dates":{"created":"Posted 5 years ago","modified":"Updated 3 years ago"},"absolute_dates":{"created":"Posted on 2020-12-08","modified":"Updated on 2023-05-19"},"absolute_dates_time":{"created":"Posted on 2020-12-08 11:56","modified":"Updated on 2023-05-19 11:51"},"featured_img_caption":"","series_order":"","_links":{"self":[{"href":"https:\/\/www.instytutpm.eu\/en\/wp-json\/wp\/v2\/posts\/228","targetHints":{"allow":["GET"]}}],"collection":[{"href":"https:\/\/www.instytutpm.eu\/en\/wp-json\/wp\/v2\/posts"}],"about":[{"href":"https:\/\/www.instytutpm.eu\/en\/wp-json\/wp\/v2\/types\/post"}],"author":[{"embeddable":true,"href":"https:\/\/www.instytutpm.eu\/en\/wp-json\/wp\/v2\/users\/2"}],"replies":[{"embeddable":true,"href":"https:\/\/www.instytutpm.eu\/en\/wp-json\/wp\/v2\/comments?post=228"}],"version-history":[{"count":2,"href":"https:\/\/www.instytutpm.eu\/en\/wp-json\/wp\/v2\/posts\/228\/revisions"}],"predecessor-version":[{"id":1769,"href":"https:\/\/www.instytutpm.eu\/en\/wp-json\/wp\/v2\/posts\/228\/revisions\/1769"}],"wp:featuredmedia":[{"embeddable":true,"href":"https:\/\/www.instytutpm.eu\/en\/wp-json\/wp\/v2\/media\/1724"}],"wp:attachment":[{"href":"https:\/\/www.instytutpm.eu\/en\/wp-json\/wp\/v2\/media?parent=228"}],"wp:term":[{"taxonomy":"category","embeddable":true,"href":"https:\/\/www.instytutpm.eu\/en\/wp-json\/wp\/v2\/categories?post=228"},{"taxonomy":"post_tag","embeddable":true,"href":"https:\/\/www.instytutpm.eu\/en\/wp-json\/wp\/v2\/tags?post=228"}],"curies":[{"name":"wp","href":"https:\/\/api.w.org\/{rel}","templated":true}]}}