{"id":2196,"date":"2023-06-30T14:45:37","date_gmt":"2023-06-30T12:45:37","guid":{"rendered":"https:\/\/www.instytutpm.eu\/?p=2196"},"modified":"2023-08-08T14:18:47","modified_gmt":"2023-08-08T12:18:47","slug":"polska-wielokulturowa-czy-jest-mozliwa-jakie-sa-jej-najwieksze-wyzwania","status":"publish","type":"post","link":"https:\/\/www.instytutpm.eu\/en\/polska-wielokulturowa-czy-jest-mozliwa-jakie-sa-jej-najwieksze-wyzwania\/","title":{"rendered":"Polska wielokulturowa &#8211; czy jest mo\u017cliwa? Jakie s\u0105 jej najwi\u0119ksze wyzwania?"},"content":{"rendered":"\n<p>5 czerwca mia\u0142a miejsce kolejna ods\u0142ona \u015arodkowoeuropejskiego Forum Integracyjnego &#8211; naszej corocznej konferencji. Jak zwykle poruszyli\u015bmy wiele aktualnych temat\u00f3w zwi\u0105zanych z migracjami, integracj\u0105 i partycypacj\u0105 spo\u0142eczn\u0105. Jedna z dyskusji dotyczy\u0142a wizji przysz\u0142o\u015bci Polski jako pa\u0144stwa wielokulturowego. Wsp\u00f3lnie z panelistkami szukali\u015bmy odpowiedzi na pytanie, czy taka wizja jest realna i jakie wyzwania stoj\u0105 na drodze do jej realizacji.&nbsp;<\/p>\n\n\n\n<figure class=\"wp-block-image size-full\"><img loading=\"lazy\" decoding=\"async\" width=\"1280\" height=\"853\" src=\"https:\/\/www.instytutpm.eu\/wp-content\/uploads\/2023\/07\/polska-wielokulturowa.webp\" alt=\"Polska Wielokulturowa\" class=\"wp-image-2197\"\/><\/figure>\n\n\n\n<p>Pomimo obecno\u015bci coraz wi\u0119kszej liczby migrant\u00f3w, Polska nadal jest jednym z bardziej jednolitych kulturowo, narodowo\u015bciowo i religijnie pa\u0144stw Europy. &nbsp;Ten fakt ju\u017c na starcie utrudnia spojrzenie na ni\u0105 jako na kraj wielokulturowy. Zdecydowan\u0105 wi\u0119kszo\u015b\u0107 w\u015br\u00f3d przyjezdnych stanowi\u0105 nasi s\u0105siedzi zza wschodniej granicy. Cho\u0107&nbsp;reprezentuj\u0105 inne kultury&nbsp;to s\u0105 one nadal do\u015b\u0107 podobne do polskiej. Wskazuje na to ju\u017c sama blisko\u015b\u0107 j\u0119zykowa i terytorialna oraz wsp\u00f3lna historia.&nbsp;Oczywi\u015bcie istniej\u0105 mi\u0119dzy nami pewne r\u00f3\u017cnice, na przyk\u0142ad w podej\u015bciu do \u017cycia rodzinnego i wychowywania dzieci, nastawieniu do pracy, religii itd. Wi\u0119cej o r\u00f3\u017cnicach mi\u0119dzy Polakami a Ukrai\u0144cami przeczytaj\u0105 Pa\u0144stwo w naszej publikacji pod tytu\u0142em \u201cR\u00f3\u017cnice kulturowe\u201d, kt\u00f3r\u0105 znajd\u0105 Pa\u0144stwo na naszej stronie (https:\/\/www.instytutpm.eu\/roznice-kulturowe-pdfpage\/).<\/p>\n\n\n\n<p>Zwi\u0119kszaj\u0105ca si\u0119 liczba migrant\u00f3w w Polsce spowodowa\u0142a potrzeb\u0119 i naturaln\u0105 oddoln\u0105 ch\u0119\u0107 rozmawiania o tym, jak \u017cy\u0107 ze sob\u0105, a nie obok siebie. Takie rozmowy zazwyczaj dotycz\u0105 przede wszystkim obywateli Ukrainy czy Bia\u0142orusi.&nbsp;Z jednej strony&nbsp;fakt, \u017ce takie dzia\u0142ania s\u0105 prowadzone jest krokiem w dobr\u0105 stron\u0119. Z drugiej &#8211; nie mo\u017cemy zapomina\u0107, \u017ce opr\u00f3cz migrant\u00f3w zza wschodniej granicy w Polsce mieszkaj\u0105 tak\u017ce osoby z innych zak\u0105tk\u00f3w \u015bwiata, na przyk\u0142ad Bliskiego Wschodu czy Azji Po\u0142udniowo-Wschodniej. Te grupy s\u0105 o wiele rzadziej uwzgl\u0119dniane w debacie publicznej. Pierwszym krokiem ku wielokulturowej Polsce jest zatem dostrze\u017cenie przedstawicieli i przedstawicielek wszystkich kultur i pr\u00f3ba podj\u0119cia z nimi dialogu.<\/p>\n\n\n\n<p>Wielokulturowo\u015b\u0107 mo\u017ce by\u0107 rozumiana jako zamieszkiwanie tego samego obszaru przez przedstawicieli r\u00f3\u017cnych kultur. Ta szeroka definicja oznacza, \u017ce wielokulturowe spo\u0142ecze\u0144stwo mo\u017ce funkcjonowa\u0107 na r\u00f3\u017cne sposoby. Stan, w kt\u00f3rym osoby z r\u00f3\u017cnych kraj\u00f3w mieszkaj\u0105 obok siebie i konsekwentnie nie wchodz\u0105 sobie w drog\u0119 jest wizj\u0105 nie tylko przygn\u0119biaj\u0105c\u0105, ale prowadz\u0105c\u0105 w d\u0142u\u017cszej perspektywie do nier\u00f3wno\u015bci i napi\u0119\u0107 spo\u0142ecznych. Wielokulturowo\u015b\u0107 do kt\u00f3rej powinni\u015bmy d\u0105\u017cy\u0107 jest oparta przede wszystkim na otwarto\u015bci i tolerancji dla ka\u017cdego nowego mieszka\u0144ca naszego kraju, bez wzgl\u0119du na jego kultur\u0119, wyznawan\u0105 przez niego religi\u0119 czy osobiste preferencje w r\u00f3\u017cnych kwestiach. Osoby \u017cyj\u0105ce w prawdziwie wielokulturowym spo\u0142ecze\u0144stwie \u015bwiadomie d\u0105\u017c\u0105 do r\u00f3wno\u015bci, mog\u0105 w pe\u0142ni wyra\u017ca\u0107 siebie i by\u0107 akceptowanymi. Taki spos\u00f3b funkcjonowania spo\u0142ecze\u0144stwa zapewniaj\u0105 wsp\u00f3lne warto\u015bci europejskie.<\/p>\n\n\n\n<p>Oczywiste jest to, \u017ce kraj wielokulturowy nie tworzy si\u0119 tylko oddolnie. Do otwartego my\u015blenia obywateli nale\u017cy do\u0142o\u017cy\u0107 jeszcze sporo rozwi\u0105za\u0144 systemowych, kt\u00f3re u\u0142atwi\u0105 funkcjonowanie ka\u017cdej osobie, niezale\u017cnie od jej obywatelstwa. Chodzi nam o podstawowe sprawy, takie jak dost\u0119p do ochrony zdrowia czy pracy. Przyjrzyjmy si\u0119 Polsce w tym kontek\u015bcie! Polska, do kt\u00f3rej od dekady bardzo aktywnie przyje\u017cd\u017caj\u0105 migranci z r\u00f3\u017cnych kraj\u00f3w, nie spodziewa\u0142a si\u0119, \u017ce stanie si\u0119 pa\u0144stwem imigracyjnym. Przed rokiem 2010 migracje do Polski by\u0142y najcz\u0119\u015bciej okresowe. \u017byli\u015bmy w przekonaniu, \u017ce osoby przyje\u017cd\u017caj\u0105ce do naszego kraju po kr\u00f3tkim czasie b\u0119d\u0105 wraca\u0107 do ojczyzny. Kiedy na prze\u0142omie 2013 i 2014 roku napi\u0119cie w Ukrainie zacz\u0119\u0142o rosn\u0105\u0107, kierunek zachodni, a zw\u0142aszcza polski, zyska\u0142 na atrakcyjno\u015bci. Nie byli\u015bmy na to przygotowani.&nbsp;<\/p>\n\n\n\n<p>W naszym spo\u0142ecze\u0144stwie przez wiele lat dominowa\u0142 model pa\u0144stwa narodowego. Zwykli\u015bmy przez to uto\u017csamia\u0107 narodowo\u015b\u0107 z etniczno\u015bci\u0105, a nar\u00f3d mo\u017cemy przecie\u017c definiowa\u0107 na wiele sposob\u00f3w. Jego fundamentem mo\u017ce by\u0107 idea lub system warto\u015bci, jak to ma miejsce chocia\u017cby w Szwajcarii, gdzie to\u017csamo\u015b\u0107 narodowa oparta jest na silnych i aktywnych lokalnych spo\u0142eczno\u015bciach wsp\u00f3\u0142pracuj\u0105cych ze sob\u0105 dla dobra og\u00f3\u0142u. Z kolei nasze postrzeganie narodowo\u015bci si\u0142\u0105 rzeczy ogranicza my\u015blenie o cz\u0142onkach spo\u0142ecze\u0144stwa nie b\u0119d\u0105cych Polakami, a tym samym ogranicza mo\u017cliwo\u015b\u0107 ich pe\u0142nego uczestnictwa w \u017cyciu spo\u0142ecznym. Koncepcja polskiego pa\u0144stwa narodowego nadal jest aktywnie podtrzymywana, g\u0142\u00f3wnie ze wzgl\u0119du na obecny model edukacji. Skupia si\u0119 on na patriotyzmie postrzeganym pod k\u0105tem historycznym. Edukacja w pa\u0144stwie prawdziwie wielokulturowym powinna opiera\u0107 si\u0119 na budowaniu tolerancji i otwarto\u015bci na r\u00f3\u017cnorodno\u015b\u0107 kultur. Pa\u0144stwo polskie z za\u0142o\u017cenia patrzy na wielokulturowo\u015b\u0107 z szeroko otwartymi oczami, czego przyk\u0142ad dostrzegamy w preambule Konstytucji 1997 roku. W tek\u015bcie podkre\u015blone jest to, \u017ce do wsp\u00f3lnego dobra d\u0105\u017cymy wszyscy: nie tylko nar\u00f3d Polski, ale i wszyscy obywatele RP, nie tylko wierz\u0105cy w Boga, ale i nie podzielaj\u0105cy tej wiary. Preambu\u0142a i ca\u0142a Konstytucja maj\u0105 wyd\u017awi\u0119k akceptuj\u0105cy i wr\u0119cz zapraszaj\u0105cy inno\u015b\u0107. W praktyce jest z tym ju\u017c gorzej. Uchod\u017ac\u00f3w z Ukrainy przyjmujemy z otwartymi ramionami, dajemy im dom i prac\u0119, a ludzi przebywaj\u0105cych na granicy polsko-bia\u0142oruskiej zostawiamy samych sobie, udaj\u0105c, \u017ce nie istniej\u0105.&nbsp;Selektywna go\u015bcinno\u015b\u0107, obecna zreszt\u0105 nie tylko w Polsce, wynika nie z tego, \u017ce nie wszyscy migranci pasuj\u0105 do naszej wizji pa\u0144stwa polskiego, a z tego, \u017ce nie wszystkich znamy w takim samym stopniu. Ksenofobia jest w ko\u0144cu niczym innym jak l\u0119kiem przed obcym, nieznanym. Spojrzenie na wszystkich migrant\u00f3w jak na ludzi i zaakceptowanie ich bez podzia\u0142u na lepszych i gorszych &#8211; to jest kolejny krok ku wielokulturowej Polsce.<\/p>\n\n\n\n<p>Obecnie, kiedy najwi\u0119ksz\u0105 cz\u0119\u015b\u0107 spo\u0142ecze\u0144stwa migranckiego stanowi\u0105 obywatele Ukrainy, nale\u017cy zastanowi\u0107 si\u0119 nad tym, czego oczekujemy od nich i co oni powinni zrobi\u0107, \u017ceby przybli\u017cy\u0107 Polsk\u0119 do wielokulturowo\u015bci. Tworz\u0105c najliczniejsz\u0105 grup\u0119 migranck\u0105 s\u0105 najbardziej widoczni a zabiegaj\u0105c o swoje prawa doprowadzaj\u0105 do pomijania potrzeb innych przyjezdnych. Nie mo\u017cemy pozwoli\u0107, by w wielokulturowym kraju jedna mniejszo\u015b\u0107 dominowa\u0142a nad innymi. Gruzini czy Korea\u0144czycy nie powinni czu\u0107 si\u0119 zapomniani tylko przez to, \u017ce stanowi\u0105&nbsp;\u201emniejszo\u015b\u0107 mniejszo\u015bci\u201d. Odpowiedzialni za to zreszt\u0105 s\u0105 nie tylko Ukrai\u0144cy, ale r\u00f3wnie\u017c Polacy. Poszerzanie w\u0142asnych horyzont\u00f3w i akceptowanie migrant\u00f3w nie jest r\u00f3wnoznaczne z akceptacj\u0105 os\u00f3b z Ukrainy czy Bia\u0142orusi.&nbsp;<\/p>\n\n\n\n<p>Niestety, Polska jest jeszcze daleko od idea\u0142u pa\u0144stwa wielokulturowego. By si\u0119 do niego przybli\u017cy\u0107, Polacy i wszyscy mieszka\u0144cy naszego kraju musz\u0105 na nowo spojrze\u0107 na inne kultury, nie tylko te z najbli\u017cszego otoczenia, ale istniej\u0105ce na ca\u0142ym \u015bwiecie. Powinni\u015bmy przesta\u0107 postrzega\u0107 innych jako tych, kt\u00f3rzy chc\u0105 odebra\u0107 nam prac\u0119 i miejsce do \u017cycia. Sam status pa\u0144stwa cz\u0142onkowskiego UE nie przybli\u017ca nas do bycia krajem otwartym i tolerancyjnym, a to w\u0142a\u015bnie te cechy musimy posiada\u0107, by przej\u015b\u0107 do kolejnych etap\u00f3w na drodze ku wielokulturowo\u015bci.<\/p>\n","protected":false},"excerpt":{"rendered":"<p>5 czerwca mia\u0142a miejsce kolejna ods\u0142ona \u015arodkowoeuropejskiego Forum Integracyjnego &#8211; naszej corocznej konferencji. Jak zwykle poruszyli\u015bmy wiele aktualnych temat\u00f3w zwi\u0105zanych z migracjami, integracj\u0105 i partycypacj\u0105 spo\u0142eczn\u0105. Jedna z dyskusji dotyczy\u0142a wizji przysz\u0142o\u015bci Polski jako pa\u0144stwa wielokulturowego. Wsp\u00f3lnie z panelistkami szukali\u015bmy odpowiedzi na pytanie, czy taka wizja jest realna i jakie wyzwania stoj\u0105 na drodze do&#8230;<\/p>\n","protected":false},"author":2,"featured_media":2197,"comment_status":"closed","ping_status":"closed","sticky":false,"template":"","format":"standard","meta":{"inline_featured_image":false,"advgb_blocks_editor_width":"","advgb_blocks_columns_visual_guide":"","footnotes":""},"categories":[5],"tags":[],"class_list":["post-2196","post","type-post","status-publish","format-standard","has-post-thumbnail","hentry","category-ciekawostka"],"yoast_head":"<!-- This site is optimized with the Yoast SEO plugin v23.0 - https:\/\/yoast.com\/wordpress\/plugins\/seo\/ -->\n<title>Polska wielokulturowa - czy jest mo\u017cliwa? Jakie s\u0105 jej najwi\u0119ksze wyzwania? - Institute Of Migrant Rights<\/title>\n<meta name=\"description\" content=\"Naszyme celem jest kszta\u0142cenie spo\u0142ecze\u0144stwa r\u00f3wnych szans \u015bwiadomego swoich praw, poprzez prowadzenie dzia\u0142alno\u015bci konsultacyjnej i szkoleniowej.\" \/>\n<meta name=\"robots\" content=\"index, follow, max-snippet:-1, max-image-preview:large, max-video-preview:-1\" \/>\n<link rel=\"canonical\" href=\"https:\/\/www.instytutpm.eu\/polska-wielokulturowa-czy-jest-mozliwa-jakie-sa-jej-najwieksze-wyzwania\/\" \/>\n<meta property=\"og:locale\" content=\"en_US\" \/>\n<meta property=\"og:type\" content=\"article\" \/>\n<meta property=\"og:title\" content=\"Polska wielokulturowa - czy jest mo\u017cliwa? Jakie s\u0105 jej najwi\u0119ksze wyzwania? - Institute Of Migrant Rights\" \/>\n<meta property=\"og:description\" content=\"Naszyme celem jest kszta\u0142cenie spo\u0142ecze\u0144stwa r\u00f3wnych szans \u015bwiadomego swoich praw, poprzez prowadzenie dzia\u0142alno\u015bci konsultacyjnej i szkoleniowej.\" \/>\n<meta property=\"og:url\" content=\"https:\/\/www.instytutpm.eu\/polska-wielokulturowa-czy-jest-mozliwa-jakie-sa-jej-najwieksze-wyzwania\/\" \/>\n<meta property=\"og:site_name\" content=\"Institute Of Migrant Rights\" \/>\n<meta property=\"article:publisher\" content=\"https:\/\/www.facebook.com\/Instytutpm\" \/>\n<meta property=\"article:published_time\" content=\"2023-06-30T12:45:37+00:00\" \/>\n<meta property=\"article:modified_time\" content=\"2023-08-08T12:18:47+00:00\" \/>\n<meta property=\"og:image\" content=\"https:\/\/www.instytutpm.eu\/wp-content\/uploads\/2023\/07\/polska-wielokulturowa.webp\" \/>\n\t<meta property=\"og:image:width\" content=\"1280\" \/>\n\t<meta property=\"og:image:height\" content=\"853\" \/>\n\t<meta property=\"og:image:type\" content=\"image\/webp\" \/>\n<meta name=\"author\" content=\"Instytut Praw Migrant\u00f3w\" \/>\n<meta name=\"twitter:card\" content=\"summary_large_image\" \/>\n<meta name=\"twitter:creator\" content=\"@Instytutipm\" \/>\n<meta name=\"twitter:site\" content=\"@Instytutipm\" \/>\n<meta name=\"twitter:label1\" content=\"Written by\" \/>\n\t<meta name=\"twitter:data1\" content=\"Instytut Praw Migrant\u00f3w\" \/>\n\t<meta name=\"twitter:label2\" content=\"Est. reading time\" \/>\n\t<meta name=\"twitter:data2\" content=\"5 minutes\" \/>\n<script type=\"application\/ld+json\" class=\"yoast-schema-graph\">{\"@context\":\"https:\/\/schema.org\",\"@graph\":[{\"@type\":\"Article\",\"@id\":\"https:\/\/www.instytutpm.eu\/polska-wielokulturowa-czy-jest-mozliwa-jakie-sa-jej-najwieksze-wyzwania\/#article\",\"isPartOf\":{\"@id\":\"https:\/\/www.instytutpm.eu\/polska-wielokulturowa-czy-jest-mozliwa-jakie-sa-jej-najwieksze-wyzwania\/\"},\"author\":{\"name\":\"Instytut Praw Migrant\u00f3w\",\"@id\":\"https:\/\/www.instytutpm.eu\/#\/schema\/person\/786e05d0f6f22e29b93c5ded632d8bd2\"},\"headline\":\"Polska wielokulturowa &#8211; czy jest mo\u017cliwa? Jakie s\u0105 jej najwi\u0119ksze wyzwania?\",\"datePublished\":\"2023-06-30T12:45:37+00:00\",\"dateModified\":\"2023-08-08T12:18:47+00:00\",\"mainEntityOfPage\":{\"@id\":\"https:\/\/www.instytutpm.eu\/polska-wielokulturowa-czy-jest-mozliwa-jakie-sa-jej-najwieksze-wyzwania\/\"},\"wordCount\":1221,\"publisher\":{\"@id\":\"https:\/\/www.instytutpm.eu\/#organization\"},\"image\":{\"@id\":\"https:\/\/www.instytutpm.eu\/polska-wielokulturowa-czy-jest-mozliwa-jakie-sa-jej-najwieksze-wyzwania\/#primaryimage\"},\"thumbnailUrl\":\"https:\/\/www.instytutpm.eu\/wp-content\/uploads\/2023\/07\/polska-wielokulturowa.webp\",\"articleSection\":[\"Ciekawostka\"],\"inLanguage\":\"en-US\"},{\"@type\":\"WebPage\",\"@id\":\"https:\/\/www.instytutpm.eu\/polska-wielokulturowa-czy-jest-mozliwa-jakie-sa-jej-najwieksze-wyzwania\/\",\"url\":\"https:\/\/www.instytutpm.eu\/polska-wielokulturowa-czy-jest-mozliwa-jakie-sa-jej-najwieksze-wyzwania\/\",\"name\":\"Polska wielokulturowa - czy jest mo\u017cliwa? Jakie s\u0105 jej najwi\u0119ksze wyzwania? - Institute Of Migrant Rights\",\"isPartOf\":{\"@id\":\"https:\/\/www.instytutpm.eu\/#website\"},\"primaryImageOfPage\":{\"@id\":\"https:\/\/www.instytutpm.eu\/polska-wielokulturowa-czy-jest-mozliwa-jakie-sa-jej-najwieksze-wyzwania\/#primaryimage\"},\"image\":{\"@id\":\"https:\/\/www.instytutpm.eu\/polska-wielokulturowa-czy-jest-mozliwa-jakie-sa-jej-najwieksze-wyzwania\/#primaryimage\"},\"thumbnailUrl\":\"https:\/\/www.instytutpm.eu\/wp-content\/uploads\/2023\/07\/polska-wielokulturowa.webp\",\"datePublished\":\"2023-06-30T12:45:37+00:00\",\"dateModified\":\"2023-08-08T12:18:47+00:00\",\"description\":\"Naszyme celem jest kszta\u0142cenie spo\u0142ecze\u0144stwa r\u00f3wnych szans \u015bwiadomego swoich praw, poprzez prowadzenie dzia\u0142alno\u015bci konsultacyjnej i szkoleniowej.\",\"breadcrumb\":{\"@id\":\"https:\/\/www.instytutpm.eu\/polska-wielokulturowa-czy-jest-mozliwa-jakie-sa-jej-najwieksze-wyzwania\/#breadcrumb\"},\"inLanguage\":\"en-US\",\"potentialAction\":[{\"@type\":\"ReadAction\",\"target\":[\"https:\/\/www.instytutpm.eu\/polska-wielokulturowa-czy-jest-mozliwa-jakie-sa-jej-najwieksze-wyzwania\/\"]}]},{\"@type\":\"ImageObject\",\"inLanguage\":\"en-US\",\"@id\":\"https:\/\/www.instytutpm.eu\/polska-wielokulturowa-czy-jest-mozliwa-jakie-sa-jej-najwieksze-wyzwania\/#primaryimage\",\"url\":\"https:\/\/www.instytutpm.eu\/wp-content\/uploads\/2023\/07\/polska-wielokulturowa.webp\",\"contentUrl\":\"https:\/\/www.instytutpm.eu\/wp-content\/uploads\/2023\/07\/polska-wielokulturowa.webp\",\"width\":1280,\"height\":853,\"caption\":\"Polska Wielokulturowa\"},{\"@type\":\"BreadcrumbList\",\"@id\":\"https:\/\/www.instytutpm.eu\/polska-wielokulturowa-czy-jest-mozliwa-jakie-sa-jej-najwieksze-wyzwania\/#breadcrumb\",\"itemListElement\":[{\"@type\":\"ListItem\",\"position\":1,\"name\":\"Home\",\"item\":\"https:\/\/www.instytutpm.eu\/en\/\"},{\"@type\":\"ListItem\",\"position\":2,\"name\":\"Polska wielokulturowa &#8211; czy jest mo\u017cliwa? Jakie s\u0105 jej najwi\u0119ksze wyzwania?\"}]},{\"@type\":\"WebSite\",\"@id\":\"https:\/\/www.instytutpm.eu\/#website\",\"url\":\"https:\/\/www.instytutpm.eu\/\",\"name\":\"Instytut Praw Migrant\u00f3w\",\"description\":\"Free information support for migrants living in Poland\",\"publisher\":{\"@id\":\"https:\/\/www.instytutpm.eu\/#organization\"},\"alternateName\":\"IPM\",\"potentialAction\":[{\"@type\":\"SearchAction\",\"target\":{\"@type\":\"EntryPoint\",\"urlTemplate\":\"https:\/\/www.instytutpm.eu\/?s={search_term_string}\"},\"query-input\":\"required name=search_term_string\"}],\"inLanguage\":\"en-US\"},{\"@type\":\"Organization\",\"@id\":\"https:\/\/www.instytutpm.eu\/#organization\",\"name\":\"Instytut Praw Migrant\u00f3w\",\"alternateName\":\"IPM\",\"url\":\"https:\/\/www.instytutpm.eu\/\",\"logo\":{\"@type\":\"ImageObject\",\"inLanguage\":\"en-US\",\"@id\":\"https:\/\/www.instytutpm.eu\/#\/schema\/logo\/image\/\",\"url\":\"https:\/\/www.instytutpm.eu\/wp-content\/uploads\/2023\/05\/ipm-logo.jpg\",\"contentUrl\":\"https:\/\/www.instytutpm.eu\/wp-content\/uploads\/2023\/05\/ipm-logo.jpg\",\"width\":238,\"height\":238,\"caption\":\"Instytut Praw Migrant\u00f3w\"},\"image\":{\"@id\":\"https:\/\/www.instytutpm.eu\/#\/schema\/logo\/image\/\"},\"sameAs\":[\"https:\/\/www.facebook.com\/Instytutpm\",\"https:\/\/x.com\/Instytutipm\"]},{\"@type\":\"Person\",\"@id\":\"https:\/\/www.instytutpm.eu\/#\/schema\/person\/786e05d0f6f22e29b93c5ded632d8bd2\",\"name\":\"Instytut Praw Migrant\u00f3w\",\"image\":{\"@type\":\"ImageObject\",\"inLanguage\":\"en-US\",\"@id\":\"https:\/\/www.instytutpm.eu\/#\/schema\/person\/image\/\",\"url\":\"https:\/\/www.instytutpm.eu\/wp-content\/uploads\/2023\/05\/instytut-praw-migrantow_avatar-96x96.jpg\",\"contentUrl\":\"https:\/\/www.instytutpm.eu\/wp-content\/uploads\/2023\/05\/instytut-praw-migrantow_avatar-96x96.jpg\",\"caption\":\"Instytut Praw Migrant\u00f3w\"},\"description\":\"Naszym celem jest kszta\u0142cenie spo\u0142ecze\u0144stwa r\u00f3wnych szans \u015bwiadomego swoich praw, poprzez prowadzenie dzia\u0142alno\u015bci konsultacyjnej i szkoleniowej.\",\"url\":\"https:\/\/www.instytutpm.eu\/en\/author\/bp-admin\/\"}]}<\/script>\n<!-- \/ Yoast SEO plugin. -->","yoast_head_json":{"title":"Polska wielokulturowa - czy jest mo\u017cliwa? Jakie s\u0105 jej najwi\u0119ksze wyzwania? - Institute Of Migrant Rights","description":"Naszyme celem jest kszta\u0142cenie spo\u0142ecze\u0144stwa r\u00f3wnych szans \u015bwiadomego swoich praw, poprzez prowadzenie dzia\u0142alno\u015bci konsultacyjnej i szkoleniowej.","robots":{"index":"index","follow":"follow","max-snippet":"max-snippet:-1","max-image-preview":"max-image-preview:large","max-video-preview":"max-video-preview:-1"},"canonical":"https:\/\/www.instytutpm.eu\/polska-wielokulturowa-czy-jest-mozliwa-jakie-sa-jej-najwieksze-wyzwania\/","og_locale":"en_US","og_type":"article","og_title":"Polska wielokulturowa - czy jest mo\u017cliwa? Jakie s\u0105 jej najwi\u0119ksze wyzwania? - Institute Of Migrant Rights","og_description":"Naszyme celem jest kszta\u0142cenie spo\u0142ecze\u0144stwa r\u00f3wnych szans \u015bwiadomego swoich praw, poprzez prowadzenie dzia\u0142alno\u015bci konsultacyjnej i szkoleniowej.","og_url":"https:\/\/www.instytutpm.eu\/polska-wielokulturowa-czy-jest-mozliwa-jakie-sa-jej-najwieksze-wyzwania\/","og_site_name":"Institute Of Migrant Rights","article_publisher":"https:\/\/www.facebook.com\/Instytutpm","article_published_time":"2023-06-30T12:45:37+00:00","article_modified_time":"2023-08-08T12:18:47+00:00","og_image":[{"width":1280,"height":853,"url":"https:\/\/www.instytutpm.eu\/wp-content\/uploads\/2023\/07\/polska-wielokulturowa.webp","type":"image\/webp"}],"author":"Instytut Praw Migrant\u00f3w","twitter_card":"summary_large_image","twitter_creator":"@Instytutipm","twitter_site":"@Instytutipm","twitter_misc":{"Written by":"Instytut Praw Migrant\u00f3w","Est. reading time":"5 minutes"},"schema":{"@context":"https:\/\/schema.org","@graph":[{"@type":"Article","@id":"https:\/\/www.instytutpm.eu\/polska-wielokulturowa-czy-jest-mozliwa-jakie-sa-jej-najwieksze-wyzwania\/#article","isPartOf":{"@id":"https:\/\/www.instytutpm.eu\/polska-wielokulturowa-czy-jest-mozliwa-jakie-sa-jej-najwieksze-wyzwania\/"},"author":{"name":"Instytut Praw Migrant\u00f3w","@id":"https:\/\/www.instytutpm.eu\/#\/schema\/person\/786e05d0f6f22e29b93c5ded632d8bd2"},"headline":"Polska wielokulturowa &#8211; czy jest mo\u017cliwa? Jakie s\u0105 jej najwi\u0119ksze wyzwania?","datePublished":"2023-06-30T12:45:37+00:00","dateModified":"2023-08-08T12:18:47+00:00","mainEntityOfPage":{"@id":"https:\/\/www.instytutpm.eu\/polska-wielokulturowa-czy-jest-mozliwa-jakie-sa-jej-najwieksze-wyzwania\/"},"wordCount":1221,"publisher":{"@id":"https:\/\/www.instytutpm.eu\/#organization"},"image":{"@id":"https:\/\/www.instytutpm.eu\/polska-wielokulturowa-czy-jest-mozliwa-jakie-sa-jej-najwieksze-wyzwania\/#primaryimage"},"thumbnailUrl":"https:\/\/www.instytutpm.eu\/wp-content\/uploads\/2023\/07\/polska-wielokulturowa.webp","articleSection":["Ciekawostka"],"inLanguage":"en-US"},{"@type":"WebPage","@id":"https:\/\/www.instytutpm.eu\/polska-wielokulturowa-czy-jest-mozliwa-jakie-sa-jej-najwieksze-wyzwania\/","url":"https:\/\/www.instytutpm.eu\/polska-wielokulturowa-czy-jest-mozliwa-jakie-sa-jej-najwieksze-wyzwania\/","name":"Polska wielokulturowa - czy jest mo\u017cliwa? Jakie s\u0105 jej najwi\u0119ksze wyzwania? - Institute Of Migrant Rights","isPartOf":{"@id":"https:\/\/www.instytutpm.eu\/#website"},"primaryImageOfPage":{"@id":"https:\/\/www.instytutpm.eu\/polska-wielokulturowa-czy-jest-mozliwa-jakie-sa-jej-najwieksze-wyzwania\/#primaryimage"},"image":{"@id":"https:\/\/www.instytutpm.eu\/polska-wielokulturowa-czy-jest-mozliwa-jakie-sa-jej-najwieksze-wyzwania\/#primaryimage"},"thumbnailUrl":"https:\/\/www.instytutpm.eu\/wp-content\/uploads\/2023\/07\/polska-wielokulturowa.webp","datePublished":"2023-06-30T12:45:37+00:00","dateModified":"2023-08-08T12:18:47+00:00","description":"Naszyme celem jest kszta\u0142cenie spo\u0142ecze\u0144stwa r\u00f3wnych szans \u015bwiadomego swoich praw, poprzez prowadzenie dzia\u0142alno\u015bci konsultacyjnej i szkoleniowej.","breadcrumb":{"@id":"https:\/\/www.instytutpm.eu\/polska-wielokulturowa-czy-jest-mozliwa-jakie-sa-jej-najwieksze-wyzwania\/#breadcrumb"},"inLanguage":"en-US","potentialAction":[{"@type":"ReadAction","target":["https:\/\/www.instytutpm.eu\/polska-wielokulturowa-czy-jest-mozliwa-jakie-sa-jej-najwieksze-wyzwania\/"]}]},{"@type":"ImageObject","inLanguage":"en-US","@id":"https:\/\/www.instytutpm.eu\/polska-wielokulturowa-czy-jest-mozliwa-jakie-sa-jej-najwieksze-wyzwania\/#primaryimage","url":"https:\/\/www.instytutpm.eu\/wp-content\/uploads\/2023\/07\/polska-wielokulturowa.webp","contentUrl":"https:\/\/www.instytutpm.eu\/wp-content\/uploads\/2023\/07\/polska-wielokulturowa.webp","width":1280,"height":853,"caption":"Polska Wielokulturowa"},{"@type":"BreadcrumbList","@id":"https:\/\/www.instytutpm.eu\/polska-wielokulturowa-czy-jest-mozliwa-jakie-sa-jej-najwieksze-wyzwania\/#breadcrumb","itemListElement":[{"@type":"ListItem","position":1,"name":"Home","item":"https:\/\/www.instytutpm.eu\/en\/"},{"@type":"ListItem","position":2,"name":"Polska wielokulturowa &#8211; czy jest mo\u017cliwa? Jakie s\u0105 jej najwi\u0119ksze wyzwania?"}]},{"@type":"WebSite","@id":"https:\/\/www.instytutpm.eu\/#website","url":"https:\/\/www.instytutpm.eu\/","name":"Instytut Praw Migrant\u00f3w","description":"Free information support for migrants living in Poland","publisher":{"@id":"https:\/\/www.instytutpm.eu\/#organization"},"alternateName":"IPM","potentialAction":[{"@type":"SearchAction","target":{"@type":"EntryPoint","urlTemplate":"https:\/\/www.instytutpm.eu\/?s={search_term_string}"},"query-input":"required name=search_term_string"}],"inLanguage":"en-US"},{"@type":"Organization","@id":"https:\/\/www.instytutpm.eu\/#organization","name":"Instytut Praw Migrant\u00f3w","alternateName":"IPM","url":"https:\/\/www.instytutpm.eu\/","logo":{"@type":"ImageObject","inLanguage":"en-US","@id":"https:\/\/www.instytutpm.eu\/#\/schema\/logo\/image\/","url":"https:\/\/www.instytutpm.eu\/wp-content\/uploads\/2023\/05\/ipm-logo.jpg","contentUrl":"https:\/\/www.instytutpm.eu\/wp-content\/uploads\/2023\/05\/ipm-logo.jpg","width":238,"height":238,"caption":"Instytut Praw Migrant\u00f3w"},"image":{"@id":"https:\/\/www.instytutpm.eu\/#\/schema\/logo\/image\/"},"sameAs":["https:\/\/www.facebook.com\/Instytutpm","https:\/\/x.com\/Instytutipm"]},{"@type":"Person","@id":"https:\/\/www.instytutpm.eu\/#\/schema\/person\/786e05d0f6f22e29b93c5ded632d8bd2","name":"Instytut Praw Migrant\u00f3w","image":{"@type":"ImageObject","inLanguage":"en-US","@id":"https:\/\/www.instytutpm.eu\/#\/schema\/person\/image\/","url":"https:\/\/www.instytutpm.eu\/wp-content\/uploads\/2023\/05\/instytut-praw-migrantow_avatar-96x96.jpg","contentUrl":"https:\/\/www.instytutpm.eu\/wp-content\/uploads\/2023\/05\/instytut-praw-migrantow_avatar-96x96.jpg","caption":"Instytut Praw Migrant\u00f3w"},"description":"Naszym celem jest kszta\u0142cenie spo\u0142ecze\u0144stwa r\u00f3wnych szans \u015bwiadomego swoich praw, poprzez prowadzenie dzia\u0142alno\u015bci konsultacyjnej i szkoleniowej.","url":"https:\/\/www.instytutpm.eu\/en\/author\/bp-admin\/"}]}},"author_meta":{"display_name":"Instytut Praw Migrant\u00f3w","author_link":"https:\/\/www.instytutpm.eu\/en\/author\/bp-admin\/"},"featured_img":"https:\/\/www.instytutpm.eu\/wp-content\/uploads\/2023\/07\/polska-wielokulturowa-600x400.webp","coauthors":[],"tax_additional":{"categories":{"linked":["<a href=\"https:\/\/www.instytutpm.eu\/en\/category\/ciekawostka\/\" class=\"advgb-post-tax-term\">Ciekawostka<\/a>"],"unlinked":["<span class=\"advgb-post-tax-term\">Ciekawostka<\/span>"]}},"comment_count":"0","relative_dates":{"created":"Posted 3 years ago","modified":"Updated 3 years ago"},"absolute_dates":{"created":"Posted on 2023-06-30","modified":"Updated on 2023-08-08"},"absolute_dates_time":{"created":"Posted on 2023-06-30 14:45","modified":"Updated on 2023-08-08 14:18"},"featured_img_caption":"","series_order":"","_links":{"self":[{"href":"https:\/\/www.instytutpm.eu\/en\/wp-json\/wp\/v2\/posts\/2196","targetHints":{"allow":["GET"]}}],"collection":[{"href":"https:\/\/www.instytutpm.eu\/en\/wp-json\/wp\/v2\/posts"}],"about":[{"href":"https:\/\/www.instytutpm.eu\/en\/wp-json\/wp\/v2\/types\/post"}],"author":[{"embeddable":true,"href":"https:\/\/www.instytutpm.eu\/en\/wp-json\/wp\/v2\/users\/2"}],"replies":[{"embeddable":true,"href":"https:\/\/www.instytutpm.eu\/en\/wp-json\/wp\/v2\/comments?post=2196"}],"version-history":[{"count":2,"href":"https:\/\/www.instytutpm.eu\/en\/wp-json\/wp\/v2\/posts\/2196\/revisions"}],"predecessor-version":[{"id":2201,"href":"https:\/\/www.instytutpm.eu\/en\/wp-json\/wp\/v2\/posts\/2196\/revisions\/2201"}],"wp:featuredmedia":[{"embeddable":true,"href":"https:\/\/www.instytutpm.eu\/en\/wp-json\/wp\/v2\/media\/2197"}],"wp:attachment":[{"href":"https:\/\/www.instytutpm.eu\/en\/wp-json\/wp\/v2\/media?parent=2196"}],"wp:term":[{"taxonomy":"category","embeddable":true,"href":"https:\/\/www.instytutpm.eu\/en\/wp-json\/wp\/v2\/categories?post=2196"},{"taxonomy":"post_tag","embeddable":true,"href":"https:\/\/www.instytutpm.eu\/en\/wp-json\/wp\/v2\/tags?post=2196"}],"curies":[{"name":"wp","href":"https:\/\/api.w.org\/{rel}","templated":true}]}}