{"id":2181,"date":"2023-04-21T12:19:00","date_gmt":"2023-04-21T10:19:00","guid":{"rendered":"https:\/\/www.instytutpm.eu\/?p=2181"},"modified":"2023-06-15T12:41:50","modified_gmt":"2023-06-15T10:41:50","slug":"w-drodze-do-nowych-horyzontow","status":"publish","type":"post","link":"https:\/\/www.instytutpm.eu\/en\/w-drodze-do-nowych-horyzontow\/","title":{"rendered":"W drodze do nowych horyzont\u00f3w"},"content":{"rendered":"\n<h3 class=\"wp-block-heading\"><strong>Wymiany partnerskie mi\u0119dzy Wojew\u00f3dztwem Dolno\u015bl\u0105skim i Nadreni\u0105 P\u00f3\u0142nocn\u0105-Westfali\u0105 &nbsp;<\/strong><\/h3>\n\n\n\n<p>Mosty mi\u0119dzy narodami &#8211; idea przewodnia projektu &#8220;BudujeMy mosty 4Ukraine&#8221; realizowanego w partnerstwie z Info-Forum-Polregio, zaczynaj\u0105 si\u0119 budowa\u0107 mi\u0119dzy ziemi\u0105 polsk\u0105 a niemieck\u0105. Seria wzajemnych wizyt, kt\u00f3re odby\u0142y si\u0119 w pierwszej po\u0142owie 2023 roku, s\u0142u\u017c\u0105 wzmacnianiem wi\u0119zi mi\u0119dzy spo\u0142eczno\u015bciami i dzieleniem si\u0119 do\u015bwiadczeniami w zakresie integracji migrant\u00f3w.<\/p>\n\n\n\n<figure class=\"wp-block-image size-large is-style-default\"><img loading=\"lazy\" decoding=\"async\" width=\"1440\" height=\"960\" src=\"https:\/\/www.instytutpm.eu\/wp-content\/uploads\/2023\/06\/flags-1440x960.jpg\" alt=\"flags\" class=\"wp-image-2182\"\/><\/figure>\n\n\n\n<p>W dniach 12-14 stycznia delegacja Fundacji Ukraina z Wroc\u0142awia mia\u0142a okazj\u0119 spotka\u0107 si\u0119 z dzia\u0142aczami niemieckiego \u015bwiata polityki i spo\u0142ecze\u0144stwa. Rozmowy z Josefem Neumannem, deputowanym do Landtagu przewodnicz\u0105cym Komisji Pracy, Zdrowia i Spraw Socjalnych, koncentrowa\u0142y si\u0119 na integracji uchod\u017ac\u00f3w z Ukrainy w spo\u0142ecze\u0144stwie niemieckim. R\u00f3wnie\u017c, w towarzystwie cz\u0142onk\u00f3w Landowej Rady Integracyjnej NRW Tayfuna Keltka oraz nadburmistrza miasta Solingen Tima Kurzbacha, omawiali kwesti\u0119 utrzymania zainteresowania spo\u0142ecze\u0144stwa przyjmuj\u0105cego tematem d\u0142ugofalowej integracji migrant\u00f3w i ich wk\u0142adu w kultur\u0119. Kolejne spotkania skupi\u0142y si\u0119 na organizacjach i stowarzyszeniach zaanga\u017cowanych w proces integracji migrant\u00f3w. Delegacja odwiedzi\u0142a Caritasverband Wuppertal\/Solingen e.V. Fachdienst f\u00fcr Integration und Migration oraz stowarzyszenie Ukrainer in Aachen. Podczas dyskusji wymieniano si\u0119 wiedz\u0105 i do\u015bwiadczeniami, staraj\u0105c si\u0119 znale\u017a\u0107 najlepsze rozwi\u0105zania dla nowej rzeczywisto\u015bci, kt\u00f3ra otacza nas w nowym dziesi\u0119cioleciu XXI wieku.&nbsp;<\/p>\n\n\n\n<p>W marcu 2023 roku niemieckie partnerzy odpowiedzieli na wizyt\u0119 i przybyli do Wroc\u0142awia. Pobyt w stolicy Dolnego \u015al\u0105ska obejmowa\u0142 spotkania z przedstawicielami i przedstawicielkami organizacji rz\u0105dowych m.in. z Konsulem Generalnym Ukrainy i wicekonsulem Niemiec, przedstawicielami Wojewody Dolno\u015bl\u0105skiego, przedstawicielkami Urz\u0119du Marsza\u0142kowskiego Wojew\u00f3dztwa Dolno\u015bl\u0105skiego i Opolskiego, a tak\u017ce z organizacjami pozarz\u0105dowymi takimi jak Stowarzyszenie Ukraina-Wa\u0142brzych, \u201cMoja Fundacja\u201d i Bia\u0142oruski Zwi\u0105zek Solidarno\u015bci. Mia\u0142y one na celu wymian\u0119 wiedzy i do\u015bwiadcze\u0144 zwi\u0105zanych z integracj\u0105 migrant\u00f3w i uchod\u017ac\u00f3w. Zorganizowano tak\u017ce spotkanie z dyrektorem Biura Parlamentu Europejskiego we Wroc\u0142awiu, Leszkiem Gasiem, na kt\u00f3rym om\u00f3wiony zosta\u0142 model d\u0142ugofalowej wsp\u00f3\u0142pracy w kontek\u015bcie kszta\u0142cenia \u015bwiadomo\u015bci spo\u0142ecze\u0144stwa przyjmuj\u0105cego wobec migrant\u00f3w, a tak\u017ce kszta\u0142towania lokalnej polityki integracyjnej w wojew\u00f3dztwie.&nbsp;<\/p>\n\n\n\n<p>W ramach projektu odby\u0142y si\u0119 r\u00f3wnie\u017c spotkania online, kt\u00f3re umo\u017cliwi\u0142y wcze\u015bniejsz\u0105 wymian\u0119 informacji i przygotowanie do wizyt studyjnych. Wa\u017cnym tematem tych spotka\u0144 by\u0142o om\u00f3wienie strategii wizyt niemieckich partner\u00f3w w Polsce oraz sposob\u00f3w d\u0142ugofalowej wsp\u00f3\u0142pracy polsko-niemieckiej.<\/p>\n\n\n\n<p>Wsp\u00f3lnie z niemieckimi partnerami powsta\u0142o podsumowanie wsp\u00f3lnie realizowanego projektu oraz wypracowano rekomendacji na temat perspektyw w\u0142\u0105czenia wolnej i suwerennej Ukrainy w struktury europejskie, a r\u00f3wnie\u017c przysz\u0142ego kszta\u0142tu Europy w czasie pokoju i wzajemnego zrozumienia odmiennych pogl\u0105d\u00f3w i perspektyw.<\/p>\n\n\n\n<p>Ca\u0142y projekt &#8220;BudujeMy mosty 4Ukraine&#8221; ma na celu nie tylko integracj\u0119 migrant\u00f3w, ale tak\u017ce tworzenie solidnych wi\u0119zi mi\u0119dzy Polsk\u0105 a Niemcami. Przes\u0142anie jest jasne: poprzez dialog, wsp\u00f3\u0142prac\u0119 i wzajemne zrozumienie, mo\u017cemy budowa\u0107 lepsz\u0105 przysz\u0142o\u015b\u0107 dla wszystkich. Wizyty studyjne i spotkania s\u0105 kluczowymi elementami tej drogi do porozumienia.<\/p>\n","protected":false},"excerpt":{"rendered":"<p>Wymiany partnerskie mi\u0119dzy Wojew\u00f3dztwem Dolno\u015bl\u0105skim i Nadreni\u0105 P\u00f3\u0142nocn\u0105-Westfali\u0105 &nbsp; Mosty mi\u0119dzy narodami &#8211; idea przewodnia projektu &#8220;BudujeMy mosty 4Ukraine&#8221; realizowanego w partnerstwie z Info-Forum-Polregio, zaczynaj\u0105 si\u0119 budowa\u0107 mi\u0119dzy ziemi\u0105 polsk\u0105 a niemieck\u0105. Seria wzajemnych wizyt, kt\u00f3re odby\u0142y si\u0119 w pierwszej po\u0142owie 2023 roku, s\u0142u\u017c\u0105 wzmacnianiem wi\u0119zi mi\u0119dzy spo\u0142eczno\u015bciami i dzieleniem si\u0119 do\u015bwiadczeniami w zakresie integracji&#8230;<\/p>\n","protected":false},"author":2,"featured_media":2182,"comment_status":"closed","ping_status":"closed","sticky":false,"template":"","format":"standard","meta":{"inline_featured_image":false,"advgb_blocks_editor_width":"","advgb_blocks_columns_visual_guide":"","footnotes":""},"categories":[5],"tags":[],"class_list":["post-2181","post","type-post","status-publish","format-standard","has-post-thumbnail","hentry","category-ciekawostka"],"yoast_head":"<!-- This site is optimized with the Yoast SEO plugin v23.0 - https:\/\/yoast.com\/wordpress\/plugins\/seo\/ -->\n<title>W drodze do nowych horyzont\u00f3w - Institute Of Migrant Rights<\/title>\n<meta name=\"description\" content=\"Naszyme celem jest kszta\u0142cenie spo\u0142ecze\u0144stwa r\u00f3wnych szans \u015bwiadomego swoich praw, poprzez prowadzenie dzia\u0142alno\u015bci konsultacyjnej i szkoleniowej.\" \/>\n<meta name=\"robots\" content=\"index, follow, max-snippet:-1, max-image-preview:large, max-video-preview:-1\" \/>\n<link rel=\"canonical\" href=\"https:\/\/www.instytutpm.eu\/w-drodze-do-nowych-horyzontow\/\" \/>\n<meta property=\"og:locale\" content=\"en_US\" \/>\n<meta property=\"og:type\" content=\"article\" \/>\n<meta property=\"og:title\" content=\"W drodze do nowych horyzont\u00f3w - Institute Of Migrant Rights\" \/>\n<meta property=\"og:description\" content=\"Naszyme celem jest kszta\u0142cenie spo\u0142ecze\u0144stwa r\u00f3wnych szans \u015bwiadomego swoich praw, poprzez prowadzenie dzia\u0142alno\u015bci konsultacyjnej i szkoleniowej.\" \/>\n<meta property=\"og:url\" content=\"https:\/\/www.instytutpm.eu\/w-drodze-do-nowych-horyzontow\/\" \/>\n<meta property=\"og:site_name\" content=\"Institute Of Migrant Rights\" \/>\n<meta property=\"article:publisher\" content=\"https:\/\/www.facebook.com\/Instytutpm\" \/>\n<meta property=\"article:published_time\" content=\"2023-04-21T10:19:00+00:00\" \/>\n<meta property=\"article:modified_time\" content=\"2023-06-15T10:41:50+00:00\" \/>\n<meta property=\"og:image\" content=\"https:\/\/www.instytutpm.eu\/wp-content\/uploads\/2023\/06\/flags-scaled.jpg\" \/>\n\t<meta property=\"og:image:width\" content=\"2560\" \/>\n\t<meta property=\"og:image:height\" content=\"1707\" \/>\n\t<meta property=\"og:image:type\" content=\"image\/jpeg\" \/>\n<meta name=\"author\" content=\"Instytut Praw Migrant\u00f3w\" \/>\n<meta name=\"twitter:card\" content=\"summary_large_image\" \/>\n<meta name=\"twitter:creator\" content=\"@Instytutipm\" \/>\n<meta name=\"twitter:site\" content=\"@Instytutipm\" \/>\n<meta name=\"twitter:label1\" content=\"Written by\" \/>\n\t<meta name=\"twitter:data1\" content=\"Instytut Praw Migrant\u00f3w\" \/>\n\t<meta name=\"twitter:label2\" content=\"Est. reading time\" \/>\n\t<meta name=\"twitter:data2\" content=\"2 minutes\" \/>\n<script type=\"application\/ld+json\" class=\"yoast-schema-graph\">{\"@context\":\"https:\/\/schema.org\",\"@graph\":[{\"@type\":\"Article\",\"@id\":\"https:\/\/www.instytutpm.eu\/w-drodze-do-nowych-horyzontow\/#article\",\"isPartOf\":{\"@id\":\"https:\/\/www.instytutpm.eu\/w-drodze-do-nowych-horyzontow\/\"},\"author\":{\"name\":\"Instytut Praw Migrant\u00f3w\",\"@id\":\"https:\/\/www.instytutpm.eu\/#\/schema\/person\/786e05d0f6f22e29b93c5ded632d8bd2\"},\"headline\":\"W drodze do nowych horyzont\u00f3w\",\"datePublished\":\"2023-04-21T10:19:00+00:00\",\"dateModified\":\"2023-06-15T10:41:50+00:00\",\"mainEntityOfPage\":{\"@id\":\"https:\/\/www.instytutpm.eu\/w-drodze-do-nowych-horyzontow\/\"},\"wordCount\":537,\"publisher\":{\"@id\":\"https:\/\/www.instytutpm.eu\/#organization\"},\"image\":{\"@id\":\"https:\/\/www.instytutpm.eu\/w-drodze-do-nowych-horyzontow\/#primaryimage\"},\"thumbnailUrl\":\"https:\/\/www.instytutpm.eu\/wp-content\/uploads\/2023\/06\/flags-scaled.jpg\",\"articleSection\":[\"Ciekawostka\"],\"inLanguage\":\"en-US\"},{\"@type\":\"WebPage\",\"@id\":\"https:\/\/www.instytutpm.eu\/w-drodze-do-nowych-horyzontow\/\",\"url\":\"https:\/\/www.instytutpm.eu\/w-drodze-do-nowych-horyzontow\/\",\"name\":\"W drodze do nowych horyzont\u00f3w - Institute Of Migrant Rights\",\"isPartOf\":{\"@id\":\"https:\/\/www.instytutpm.eu\/#website\"},\"primaryImageOfPage\":{\"@id\":\"https:\/\/www.instytutpm.eu\/w-drodze-do-nowych-horyzontow\/#primaryimage\"},\"image\":{\"@id\":\"https:\/\/www.instytutpm.eu\/w-drodze-do-nowych-horyzontow\/#primaryimage\"},\"thumbnailUrl\":\"https:\/\/www.instytutpm.eu\/wp-content\/uploads\/2023\/06\/flags-scaled.jpg\",\"datePublished\":\"2023-04-21T10:19:00+00:00\",\"dateModified\":\"2023-06-15T10:41:50+00:00\",\"description\":\"Naszyme celem jest kszta\u0142cenie spo\u0142ecze\u0144stwa r\u00f3wnych szans \u015bwiadomego swoich praw, poprzez prowadzenie dzia\u0142alno\u015bci konsultacyjnej i szkoleniowej.\",\"breadcrumb\":{\"@id\":\"https:\/\/www.instytutpm.eu\/w-drodze-do-nowych-horyzontow\/#breadcrumb\"},\"inLanguage\":\"en-US\",\"potentialAction\":[{\"@type\":\"ReadAction\",\"target\":[\"https:\/\/www.instytutpm.eu\/w-drodze-do-nowych-horyzontow\/\"]}]},{\"@type\":\"ImageObject\",\"inLanguage\":\"en-US\",\"@id\":\"https:\/\/www.instytutpm.eu\/w-drodze-do-nowych-horyzontow\/#primaryimage\",\"url\":\"https:\/\/www.instytutpm.eu\/wp-content\/uploads\/2023\/06\/flags-scaled.jpg\",\"contentUrl\":\"https:\/\/www.instytutpm.eu\/wp-content\/uploads\/2023\/06\/flags-scaled.jpg\",\"width\":2560,\"height\":1707,\"caption\":\"flags\"},{\"@type\":\"BreadcrumbList\",\"@id\":\"https:\/\/www.instytutpm.eu\/w-drodze-do-nowych-horyzontow\/#breadcrumb\",\"itemListElement\":[{\"@type\":\"ListItem\",\"position\":1,\"name\":\"Home\",\"item\":\"https:\/\/www.instytutpm.eu\/en\/\"},{\"@type\":\"ListItem\",\"position\":2,\"name\":\"W drodze do nowych horyzont\u00f3w\"}]},{\"@type\":\"WebSite\",\"@id\":\"https:\/\/www.instytutpm.eu\/#website\",\"url\":\"https:\/\/www.instytutpm.eu\/\",\"name\":\"Instytut Praw Migrant\u00f3w\",\"description\":\"Free information support for migrants living in Poland\",\"publisher\":{\"@id\":\"https:\/\/www.instytutpm.eu\/#organization\"},\"alternateName\":\"IPM\",\"potentialAction\":[{\"@type\":\"SearchAction\",\"target\":{\"@type\":\"EntryPoint\",\"urlTemplate\":\"https:\/\/www.instytutpm.eu\/?s={search_term_string}\"},\"query-input\":\"required name=search_term_string\"}],\"inLanguage\":\"en-US\"},{\"@type\":\"Organization\",\"@id\":\"https:\/\/www.instytutpm.eu\/#organization\",\"name\":\"Instytut Praw Migrant\u00f3w\",\"alternateName\":\"IPM\",\"url\":\"https:\/\/www.instytutpm.eu\/\",\"logo\":{\"@type\":\"ImageObject\",\"inLanguage\":\"en-US\",\"@id\":\"https:\/\/www.instytutpm.eu\/#\/schema\/logo\/image\/\",\"url\":\"https:\/\/www.instytutpm.eu\/wp-content\/uploads\/2023\/05\/ipm-logo.jpg\",\"contentUrl\":\"https:\/\/www.instytutpm.eu\/wp-content\/uploads\/2023\/05\/ipm-logo.jpg\",\"width\":238,\"height\":238,\"caption\":\"Instytut Praw Migrant\u00f3w\"},\"image\":{\"@id\":\"https:\/\/www.instytutpm.eu\/#\/schema\/logo\/image\/\"},\"sameAs\":[\"https:\/\/www.facebook.com\/Instytutpm\",\"https:\/\/x.com\/Instytutipm\"]},{\"@type\":\"Person\",\"@id\":\"https:\/\/www.instytutpm.eu\/#\/schema\/person\/786e05d0f6f22e29b93c5ded632d8bd2\",\"name\":\"Instytut Praw Migrant\u00f3w\",\"image\":{\"@type\":\"ImageObject\",\"inLanguage\":\"en-US\",\"@id\":\"https:\/\/www.instytutpm.eu\/#\/schema\/person\/image\/\",\"url\":\"https:\/\/www.instytutpm.eu\/wp-content\/uploads\/2023\/05\/instytut-praw-migrantow_avatar-96x96.jpg\",\"contentUrl\":\"https:\/\/www.instytutpm.eu\/wp-content\/uploads\/2023\/05\/instytut-praw-migrantow_avatar-96x96.jpg\",\"caption\":\"Instytut Praw Migrant\u00f3w\"},\"description\":\"Naszym celem jest kszta\u0142cenie spo\u0142ecze\u0144stwa r\u00f3wnych szans \u015bwiadomego swoich praw, poprzez prowadzenie dzia\u0142alno\u015bci konsultacyjnej i szkoleniowej.\",\"url\":\"https:\/\/www.instytutpm.eu\/en\/author\/bp-admin\/\"}]}<\/script>\n<!-- \/ Yoast SEO plugin. -->","yoast_head_json":{"title":"W drodze do nowych horyzont\u00f3w - Institute Of Migrant Rights","description":"Naszyme celem jest kszta\u0142cenie spo\u0142ecze\u0144stwa r\u00f3wnych szans \u015bwiadomego swoich praw, poprzez prowadzenie dzia\u0142alno\u015bci konsultacyjnej i szkoleniowej.","robots":{"index":"index","follow":"follow","max-snippet":"max-snippet:-1","max-image-preview":"max-image-preview:large","max-video-preview":"max-video-preview:-1"},"canonical":"https:\/\/www.instytutpm.eu\/w-drodze-do-nowych-horyzontow\/","og_locale":"en_US","og_type":"article","og_title":"W drodze do nowych horyzont\u00f3w - Institute Of Migrant Rights","og_description":"Naszyme celem jest kszta\u0142cenie spo\u0142ecze\u0144stwa r\u00f3wnych szans \u015bwiadomego swoich praw, poprzez prowadzenie dzia\u0142alno\u015bci konsultacyjnej i szkoleniowej.","og_url":"https:\/\/www.instytutpm.eu\/w-drodze-do-nowych-horyzontow\/","og_site_name":"Institute Of Migrant Rights","article_publisher":"https:\/\/www.facebook.com\/Instytutpm","article_published_time":"2023-04-21T10:19:00+00:00","article_modified_time":"2023-06-15T10:41:50+00:00","og_image":[{"width":2560,"height":1707,"url":"https:\/\/www.instytutpm.eu\/wp-content\/uploads\/2023\/06\/flags-scaled.jpg","type":"image\/jpeg"}],"author":"Instytut Praw Migrant\u00f3w","twitter_card":"summary_large_image","twitter_creator":"@Instytutipm","twitter_site":"@Instytutipm","twitter_misc":{"Written by":"Instytut Praw Migrant\u00f3w","Est. reading time":"2 minutes"},"schema":{"@context":"https:\/\/schema.org","@graph":[{"@type":"Article","@id":"https:\/\/www.instytutpm.eu\/w-drodze-do-nowych-horyzontow\/#article","isPartOf":{"@id":"https:\/\/www.instytutpm.eu\/w-drodze-do-nowych-horyzontow\/"},"author":{"name":"Instytut Praw Migrant\u00f3w","@id":"https:\/\/www.instytutpm.eu\/#\/schema\/person\/786e05d0f6f22e29b93c5ded632d8bd2"},"headline":"W drodze do nowych horyzont\u00f3w","datePublished":"2023-04-21T10:19:00+00:00","dateModified":"2023-06-15T10:41:50+00:00","mainEntityOfPage":{"@id":"https:\/\/www.instytutpm.eu\/w-drodze-do-nowych-horyzontow\/"},"wordCount":537,"publisher":{"@id":"https:\/\/www.instytutpm.eu\/#organization"},"image":{"@id":"https:\/\/www.instytutpm.eu\/w-drodze-do-nowych-horyzontow\/#primaryimage"},"thumbnailUrl":"https:\/\/www.instytutpm.eu\/wp-content\/uploads\/2023\/06\/flags-scaled.jpg","articleSection":["Ciekawostka"],"inLanguage":"en-US"},{"@type":"WebPage","@id":"https:\/\/www.instytutpm.eu\/w-drodze-do-nowych-horyzontow\/","url":"https:\/\/www.instytutpm.eu\/w-drodze-do-nowych-horyzontow\/","name":"W drodze do nowych horyzont\u00f3w - Institute Of Migrant Rights","isPartOf":{"@id":"https:\/\/www.instytutpm.eu\/#website"},"primaryImageOfPage":{"@id":"https:\/\/www.instytutpm.eu\/w-drodze-do-nowych-horyzontow\/#primaryimage"},"image":{"@id":"https:\/\/www.instytutpm.eu\/w-drodze-do-nowych-horyzontow\/#primaryimage"},"thumbnailUrl":"https:\/\/www.instytutpm.eu\/wp-content\/uploads\/2023\/06\/flags-scaled.jpg","datePublished":"2023-04-21T10:19:00+00:00","dateModified":"2023-06-15T10:41:50+00:00","description":"Naszyme celem jest kszta\u0142cenie spo\u0142ecze\u0144stwa r\u00f3wnych szans \u015bwiadomego swoich praw, poprzez prowadzenie dzia\u0142alno\u015bci konsultacyjnej i szkoleniowej.","breadcrumb":{"@id":"https:\/\/www.instytutpm.eu\/w-drodze-do-nowych-horyzontow\/#breadcrumb"},"inLanguage":"en-US","potentialAction":[{"@type":"ReadAction","target":["https:\/\/www.instytutpm.eu\/w-drodze-do-nowych-horyzontow\/"]}]},{"@type":"ImageObject","inLanguage":"en-US","@id":"https:\/\/www.instytutpm.eu\/w-drodze-do-nowych-horyzontow\/#primaryimage","url":"https:\/\/www.instytutpm.eu\/wp-content\/uploads\/2023\/06\/flags-scaled.jpg","contentUrl":"https:\/\/www.instytutpm.eu\/wp-content\/uploads\/2023\/06\/flags-scaled.jpg","width":2560,"height":1707,"caption":"flags"},{"@type":"BreadcrumbList","@id":"https:\/\/www.instytutpm.eu\/w-drodze-do-nowych-horyzontow\/#breadcrumb","itemListElement":[{"@type":"ListItem","position":1,"name":"Home","item":"https:\/\/www.instytutpm.eu\/en\/"},{"@type":"ListItem","position":2,"name":"W drodze do nowych horyzont\u00f3w"}]},{"@type":"WebSite","@id":"https:\/\/www.instytutpm.eu\/#website","url":"https:\/\/www.instytutpm.eu\/","name":"Instytut Praw Migrant\u00f3w","description":"Free information support for migrants living in Poland","publisher":{"@id":"https:\/\/www.instytutpm.eu\/#organization"},"alternateName":"IPM","potentialAction":[{"@type":"SearchAction","target":{"@type":"EntryPoint","urlTemplate":"https:\/\/www.instytutpm.eu\/?s={search_term_string}"},"query-input":"required name=search_term_string"}],"inLanguage":"en-US"},{"@type":"Organization","@id":"https:\/\/www.instytutpm.eu\/#organization","name":"Instytut Praw Migrant\u00f3w","alternateName":"IPM","url":"https:\/\/www.instytutpm.eu\/","logo":{"@type":"ImageObject","inLanguage":"en-US","@id":"https:\/\/www.instytutpm.eu\/#\/schema\/logo\/image\/","url":"https:\/\/www.instytutpm.eu\/wp-content\/uploads\/2023\/05\/ipm-logo.jpg","contentUrl":"https:\/\/www.instytutpm.eu\/wp-content\/uploads\/2023\/05\/ipm-logo.jpg","width":238,"height":238,"caption":"Instytut Praw Migrant\u00f3w"},"image":{"@id":"https:\/\/www.instytutpm.eu\/#\/schema\/logo\/image\/"},"sameAs":["https:\/\/www.facebook.com\/Instytutpm","https:\/\/x.com\/Instytutipm"]},{"@type":"Person","@id":"https:\/\/www.instytutpm.eu\/#\/schema\/person\/786e05d0f6f22e29b93c5ded632d8bd2","name":"Instytut Praw Migrant\u00f3w","image":{"@type":"ImageObject","inLanguage":"en-US","@id":"https:\/\/www.instytutpm.eu\/#\/schema\/person\/image\/","url":"https:\/\/www.instytutpm.eu\/wp-content\/uploads\/2023\/05\/instytut-praw-migrantow_avatar-96x96.jpg","contentUrl":"https:\/\/www.instytutpm.eu\/wp-content\/uploads\/2023\/05\/instytut-praw-migrantow_avatar-96x96.jpg","caption":"Instytut Praw Migrant\u00f3w"},"description":"Naszym celem jest kszta\u0142cenie spo\u0142ecze\u0144stwa r\u00f3wnych szans \u015bwiadomego swoich praw, poprzez prowadzenie dzia\u0142alno\u015bci konsultacyjnej i szkoleniowej.","url":"https:\/\/www.instytutpm.eu\/en\/author\/bp-admin\/"}]}},"author_meta":{"display_name":"Instytut Praw Migrant\u00f3w","author_link":"https:\/\/www.instytutpm.eu\/en\/author\/bp-admin\/"},"featured_img":"https:\/\/www.instytutpm.eu\/wp-content\/uploads\/2023\/06\/flags-600x400.jpg","coauthors":[],"tax_additional":{"categories":{"linked":["<a href=\"https:\/\/www.instytutpm.eu\/en\/category\/ciekawostka\/\" class=\"advgb-post-tax-term\">Ciekawostka<\/a>"],"unlinked":["<span class=\"advgb-post-tax-term\">Ciekawostka<\/span>"]}},"comment_count":"0","relative_dates":{"created":"Posted 3 years ago","modified":"Updated 3 years ago"},"absolute_dates":{"created":"Posted on 2023-04-21","modified":"Updated on 2023-06-15"},"absolute_dates_time":{"created":"Posted on 2023-04-21 12:19","modified":"Updated on 2023-06-15 12:41"},"featured_img_caption":"","series_order":"","_links":{"self":[{"href":"https:\/\/www.instytutpm.eu\/en\/wp-json\/wp\/v2\/posts\/2181","targetHints":{"allow":["GET"]}}],"collection":[{"href":"https:\/\/www.instytutpm.eu\/en\/wp-json\/wp\/v2\/posts"}],"about":[{"href":"https:\/\/www.instytutpm.eu\/en\/wp-json\/wp\/v2\/types\/post"}],"author":[{"embeddable":true,"href":"https:\/\/www.instytutpm.eu\/en\/wp-json\/wp\/v2\/users\/2"}],"replies":[{"embeddable":true,"href":"https:\/\/www.instytutpm.eu\/en\/wp-json\/wp\/v2\/comments?post=2181"}],"version-history":[{"count":3,"href":"https:\/\/www.instytutpm.eu\/en\/wp-json\/wp\/v2\/posts\/2181\/revisions"}],"predecessor-version":[{"id":2187,"href":"https:\/\/www.instytutpm.eu\/en\/wp-json\/wp\/v2\/posts\/2181\/revisions\/2187"}],"wp:featuredmedia":[{"embeddable":true,"href":"https:\/\/www.instytutpm.eu\/en\/wp-json\/wp\/v2\/media\/2182"}],"wp:attachment":[{"href":"https:\/\/www.instytutpm.eu\/en\/wp-json\/wp\/v2\/media?parent=2181"}],"wp:term":[{"taxonomy":"category","embeddable":true,"href":"https:\/\/www.instytutpm.eu\/en\/wp-json\/wp\/v2\/categories?post=2181"},{"taxonomy":"post_tag","embeddable":true,"href":"https:\/\/www.instytutpm.eu\/en\/wp-json\/wp\/v2\/tags?post=2181"}],"curies":[{"name":"wp","href":"https:\/\/api.w.org\/{rel}","templated":true}]}}