{"id":1600,"date":"2023-05-05T15:46:58","date_gmt":"2023-05-05T13:46:58","guid":{"rendered":"https:\/\/www.instytutpm.eu\/?p=1600"},"modified":"2023-08-08T14:18:05","modified_gmt":"2023-08-08T12:18:05","slug":"wsparcie-migrantow-i-uchodzcow-w-roznych-krajach-unii-europejskiej-o-swiadczeniach-socjalnych-i-ich-spolecznym-postrzeganiu","status":"publish","type":"post","link":"https:\/\/www.instytutpm.eu\/en\/wsparcie-migrantow-i-uchodzcow-w-roznych-krajach-unii-europejskiej-o-swiadczeniach-socjalnych-i-ich-spolecznym-postrzeganiu\/","title":{"rendered":"Wsparcie migrant\u00f3w i uchod\u017ac\u00f3w w r\u00f3\u017cnych krajach Unii Europejskiej.\u00a0 O\u00a0\u015bwiadczeniach socjalnych i ich spo\u0142ecznym postrzeganiu"},"content":{"rendered":"\n<ul class=\"anchore-link wp-block-list\">\n<li><a href=\"#p1\">Postrzeganie \u015bwiadcze\u0144 socjalnych w spo\u0142ecze\u0144stwie<\/a><\/li>\n\n\n\n<li><a href=\"#p2\">Formy ochrony mi\u0119dzynarodowej w krajach UE<\/a><\/li>\n\n\n\n<li><a href=\"#p3\">Sytuacja w wybranych krajach UE<\/a><\/li>\n\n\n\n<li><a href=\"#p4\">System tymczasowej ochrony dla obywateli Ukrainy<\/a><\/li>\n\n\n\n<li><a href=\"#p5\">Podsumowanie<\/a><\/li>\n<\/ul>\n\n\n\n<figure class=\"wp-block-image size-large\"><img loading=\"lazy\" decoding=\"async\" width=\"1440\" height=\"931\" src=\"https:\/\/www.instytutpm.eu\/wp-content\/uploads\/2023\/05\/wsparcie-migrantow-1440x931.jpg\" alt=\"wsparcie-migrantow\" class=\"wp-image-1650\"\/><\/figure>\n\n\n\n<p>W tym artykule przyjrzymy si\u0119 tematowi \u015bwiadcze\u0144 socjalnych, kt\u00f3re s\u0105 przyznawane uchod\u017acom i migrantom w wybranych krajach UE. Naszym celem jest pokazanie wachlarza mo\u017cliwo\u015bci wsparcia dla migrant\u00f3w z r\u00f3\u017cnych kraj\u00f3w, bior\u0105c pod uwag\u0119 nie tylko programy pomocowe powsta\u0142e w wyniku wzmo\u017conego ruchu migrant\u00f3w wojennych z Ukrainy. W tym celu dotarli\u015bmy do informacji o \u015bwiadczeniach dla migrant\u00f3w i uchod\u017ac\u00f3w w Europie sprzed kilku lat. W naszych rozwa\u017caniach najwa\u017cniejsze jest przedstawienie rodzaj\u00f3w \u015bwiadcze\u0144 nadawanych uchod\u017acom i migrantom, a tak\u017ce por\u00f3wnanie tego ze wsparciem nadawanym obywatelom danego kraju. Konkretne kwoty zasi\u0142k\u00f3w, nawet je\u015bli b\u0119d\u0105 przedstawione, nie b\u0119d\u0105 istotne pod k\u0105tem naszego zestawienia, poniewa\u017c one z roku na rok ulegaj\u0105 zmianie. Istotne b\u0119dzie natomiast uwzgl\u0119dnienie polskiego kontekstu oraz \u015bwiadcze\u0144 oferowanych migrantom wojennym z Ukrainy w zwi\u0105zku z ich przymusowym przesiedleniem spowodowanym wojn\u0105 na terenie ich kraju. W przestrzeni medialnej nieraz spotykamy si\u0119 z opini\u0105, \u017ce uchod\u017acom nale\u017cy zapewni\u0107 jedynie podstawow\u0105 opiek\u0119, ograniczaj\u0105c ich dost\u0119p do innych zasi\u0142k\u00f3w, kt\u00f3re powinny przys\u0142ugiwa\u0107 wy\u0142\u0105cznie obywatelom. Niekt\u00f3rzy twierdz\u0105, \u017ce uchod\u017acom w Polsce nieraz przys\u0142uguje wi\u0119cej, ni\u017c samym Polakom. A jak jest naprawd\u0119? Czy spo\u0142ecze\u0144stwo przyjmuj\u0105ce zyskuje na pomocy uchod\u017acom? Jak poza Polsk\u0105 traktowane s\u0105 \u015bwiadczenia finansowe dla migrant\u00f3w i uchod\u017ac\u00f3w? Dowiedzieli\u015bmy si\u0119 tego na podstawie danych z Polski oraz do\u015bwiadcze\u0144 innych kraj\u00f3w UE.<\/p>\n\n\n\n<h2 class=\"wp-block-heading\" id=\"p1\">Postrzeganie \u015bwiadcze\u0144 socjalnych w spo\u0142ecze\u0144stwie<\/h2>\n\n\n\n<p>Dyskusje na temat tego, \u017ce \u015bwiadczenia socjalne powoduj\u0105 rozleniwienie si\u0119 spo\u0142ecze\u0144stwa, zmniejszenie w\u0142asnego wk\u0142adu i zaanga\u017cowania w prac\u0119 nie s\u0105 niczym nowym w narracjach spo\u0142ecznych. Ale czy wiemy, jak cz\u0119sto ludzie my\u015bl\u0105 o pomocy finansowej w ten spos\u00f3b?&nbsp;<\/p>\n\n\n\n<p>W. van Oorschot (2006, s. 23\u201342) wyr\u00f3\u017cni\u0142 cztery podstawowe grupy os\u00f3b \u201ewra\u017cliwych\u201d dla polityki spo\u0142ecznej, kt\u00f3re wed\u0142ug opinii spo\u0142ecznej zas\u0142uguj\u0105 na r\u00f3\u017cnorodne \u015bwiadczenia. S\u0105 to (w przedstawionej kolejno\u015bci) osoby starsze, osoby chore i z niepe\u0142nosprawno\u015bci\u0105, bezrobotni oraz imigranci. Pomoc finansowa dla dw\u00f3ch pierwszych grup uwa\u017cana jest za najbardziej uzasadnion\u0105 spo\u0142ecznie. Ale czy \u015bwiadczenia socjalne dla migrant\u00f3w czy uchod\u017ac\u00f3w mog\u0105 si\u0119 przys\u0142u\u017cy\u0107 gospodarce danego pa\u0144stwa, czy s\u0105 jedynie obci\u0105\u017ceniem dla systemu ekonomicznego? Oczywiste jest to, \u017ce wsparcie finansowe w pewnym momencie powoduje nadwyr\u0119\u017cenie bud\u017cetu pa\u0144stwowego (zw\u0142aszcza je\u015bli mamy do czynienia z du\u017c\u0105 liczb\u0105 migrant\u00f3w w kr\u00f3tkim czasie), poniewa\u017c wydajemy wi\u0119cej pieni\u0119dzy, ni\u017c zamierzali\u015bmy. W oczach niekt\u00f3rych ten stan \u201eubytku\u201d jest jedynym argumentem, kt\u00f3ry mia\u0142by przemawia\u0107 za tym, by nie pomaga\u0107 uchod\u017acom albo robi\u0107 to w spos\u00f3b minimalny, zniech\u0119caj\u0105cy do pozostania w kraju na d\u0142u\u017cej. Jednak w wielu krajach UE zakres wsparcia jest szeroki, poniewa\u017c przyjmowanie migrant\u00f3w niesie za sob\u0105 konkretne zalety i korzy\u015bci, zw\u0142aszcza dla kraj\u00f3w ze starzej\u0105cym si\u0119 spo\u0142ecze\u0144stwem. Migranci to najcz\u0119\u015bciej osoby w wieku produkcyjnym, s\u0105 zazwyczaj ch\u0119tni do podejmowania pracy, nawet tej gorzej p\u0142atnej, a tym samym odci\u0105\u017caj\u0105 system emerytalny, co pozytywnie wp\u0142ywa na finanse publiczne. Co wi\u0119cej,&nbsp; zapewnienie wsparcia finansowego pozwala nowym osobom na szybsze odnalezienie si\u0119 w nowej rzeczywisto\u015bci oraz szybsze usamodzielnienie si\u0119. Dzi\u0119ki mo\u017cliwo\u015bci dost\u0119pu do wsparcia takie osoby s\u0105 w stanie szybciej zintegrowa\u0107 si\u0119 ze spo\u0142ecze\u0144stwem przyjmuj\u0105cym, co pozytywnie wp\u0142ywa na r\u00f3wnowag\u0119 w relacjach spo\u0142ecznych i zapobiega takim zjawiskom jak gettoizacja, drobna przest\u0119pczo\u015b\u0107, og\u00f3lne rozwarstwianie si\u0119 spo\u0142ecze\u0144stwa i konflikty spo\u0142eczne. &nbsp;<\/p>\n\n\n\n<h2 class=\"wp-block-heading\" id=\"p2\">Formy ochrony mi\u0119dzynarodowej w krajach UE<\/h2>\n\n\n\n<p>Ka\u017cda osoba nara\u017cona na poni\u017caj\u0105ce traktowanie, kar\u0119 \u015bmierci lub prze\u015bladowanie w kraju pochodzenia mo\u017ce ubiega\u0107 si\u0119 o azyl w krajach Unii Europejskiej. Prawo zaliczane jest do podstawowych akt\u00f3w zapewniaj\u0105cych ochron\u0119 praw cz\u0142owieka na podstawie Konwencji Genewskiej z 1951 roku. Osoby ubiegaj\u0105ce si\u0119 o azyl w jednym z kraj\u00f3w UE s\u0105 podlegaj\u0105 wsp\u00f3lnej dla UE polityce azylowej (Common European Asylum System, CEAS), kt\u00f3ra obejmuje tak\u017ce ochron\u0119 uzupe\u0142niaj\u0105c\u0105 i tymczasow\u0105. Opr\u00f3cz powy\u017cszych form ochrony mi\u0119dzynarodowej osoby spe\u0142niaj\u0105ce okre\u015blone kryteria mog\u0105 ubiega\u0107 si\u0119 o nadanie statusu uchod\u017acy, kt\u00f3ry w Polsce pozwala na dost\u0119p do systemu o\u015bwiaty, rynku pracy, form ochrony przed bezrobociem, swobodnego prowadzenia dzia\u0142alno\u015bci gospodarczej oraz systemu opieki zdrowotnej i \u015bwiadcze\u0144 socjalnych. Prawa te s\u0105 analogiczne do praw obywateli RP. Ka\u017cdy wniosek o udzielenie ochrony mi\u0119dzynarodowej jest rozpatrywany indywidualnie przez Urz\u0105d do Spraw Cudzoziemc\u00f3w. W czasie rozpatrywania wniosku wnioskodawcy mog\u0105 korzysta\u0107 z pomocy socjalnej (zakwaterowania, wy\u017cywienia, opieki zdrowotnej) zapewnianej przez Urz\u0105d do Spraw Cudzoziemc\u00f3w oraz zaj\u0119\u0107 edukacyjnych (m.in. nauki j\u0119zyka polskiego czy kurs\u00f3w informacyjnych). Je\u015bli chodzi o mo\u017cliwo\u015bci zakwaterowania uchod\u017ac\u00f3w, Urz\u0105d do Spraw Cudzoziemc\u00f3w dysponuje dwoma o\u015brodkami recepcyjnymi w D\u0119baku oraz w Bia\u0142ej Podlaskiej. Osoby ubiegaj\u0105ce si\u0119 o status uchod\u017acy maj\u0105 do wyboru pobyt w o\u015brodku lub samodzielne utrzymanie si\u0119 poza o\u015brodkami przy pomocy finansowej otrzymywanej od urz\u0119du. Z kolei po otrzymaniu ochrony mi\u0119dzynarodowej cudzoziemcy, kt\u00f3rzy nieprzerwanie przebywaj\u0105 w Polsce na takiej podstawie przez co najmniej 5 lat, mog\u0105 ubiega\u0107 si\u0119 o pozwolenie na pobyt sta\u0142y.<\/p>\n\n\n\n<h2 class=\"wp-block-heading\" id=\"p3\">Sytuacja w wybranych krajach UE<\/h2>\n\n\n\n<p>W 2018 r. w Niemczech osobom ubiegaj\u0105cym si\u0119 o azyl przys\u0142ugiwa\u0142 zasi\u0142ek w wysoko\u015bci 354 euro miesi\u0119cznie. Z kolei osoby przebywaj\u0105ce w pa\u0144stwowych o\u015brodkach otrzymywa\u0142y miesi\u0119cznie maksymalnie 135 euro. We W\u0142oszech a\u017c do podj\u0119cia decyzji o udzieleniu azylu pa\u0144stwo pokrywa\u0142o koszty zakwaterowania, wy\u017cywienia i artyku\u0142\u00f3w niezb\u0119dnych do codziennego funkcjonowania, takich jak odzie\u017c czy \u015brodki higieniczne. W Szwecji uchod\u017acy, kt\u00f3rzy nie byli w stanie samodzielnie si\u0119 utrzymywa\u0107, dostawali zakwaterowanie w specjalnym o\u015brodku oraz kieszonkowe (70 euro w 2018 r.), a w sytuacji gdy wybierali zamieszkanie poza o\u015brodkiem, dostawali kieszonkowe oraz osobno pokrywane przez pa\u0144stwo koszty czynszu. We Francji osoby, kt\u00f3re odrzuca\u0142y propozycje zamieszkania w kontrolowanym pa\u0144stwowym o\u015brodku, musia\u0142y utrzymywa\u0107 si\u0119 samodzielnie. Takie pa\u0144stwowe o\u015brodki, w kt\u00f3rych mog\u0105 si\u0119 zatrzyma\u0107 uchod\u017acy na czas rozpatrywania ich wniosku o udzielenie azylu, s\u0105 dost\u0119pne w wi\u0119kszo\u015bci kraj\u00f3w UE. Osoby ubiegaj\u0105ce si\u0119 o ochron\u0119 w pa\u0144stwach UE w ramach dzia\u0142a\u0144 pomocowych maj\u0105 te\u017c mo\u017cliwo\u015b\u0107 otrzymania bon\u00f3w na zakupy w sklepach odzie\u017cowych czy na zakup niezb\u0119dnych rzeczy dla dzieci. Je\u015bli chodzi o r\u00f3\u017cnice mi\u0119dzy \u015bwiadczeniami socjalnymi dla obywateli danego kraju, a tymi dost\u0119pnymi dla migrant\u00f3w, mo\u017cna wyr\u00f3\u017cni\u0107 dwa typy kraj\u00f3w: Niemcy, Grecja, Portugalia, Hiszpania, gdzie r\u00f3\u017cnice w dost\u0119pno\u015bci \u015bwiadcze\u0144 dla migrant\u00f3w i obywateli nie s\u0105 znacz\u0105ce. Druga grupa, do kt\u00f3rej zaliczane s\u0105 Austria, Belgia, Francja, Holandia oraz kraje skandynawskie, to kraje w kt\u00f3rych \u015bwiadczenia spo\u0142eczne dla imigrant\u00f3w s\u0105 wy\u017csze, ni\u017c dla os\u00f3b o pochodzeniu rodzimym.<\/p>\n\n\n\n<h2 class=\"wp-block-heading\" id=\"p4\">System tymczasowej ochrony dla obywateli Ukrainy<\/h2>\n\n\n\n<p>24 lutego 2022 r. Rosja rozpocz\u0119\u0142a agresj\u0119 wojskow\u0105 na Ukrain\u0119. Od tego czasu miliony ludzi szukaj\u0105 schronienia przed wojn\u0105 w krajach UE i w innych pa\u0144stwach europejskich. W zwi\u0105zku z du\u017c\u0105 liczb\u0105 os\u00f3b wyje\u017cd\u017caj\u0105cych z Ukrainy, 4 marca 2022 r. UE postanowi\u0142a wprowadzi\u0107 szczeg\u00f3lny system tymczasowej ochrony, aby zmniejszy\u0107 presj\u0119 na systemy azylowe poszczeg\u00f3lnych kraj\u00f3w i umo\u017cliwi\u0107 uchod\u017acom z Ukrainy korzystanie z r\u00f3\u017cnego rodzaju praw w ca\u0142ej UE. S\u0105 to w szczeg\u00f3lno\u015bci: prawo pobytu, dost\u0119p do rynku pracy i zakwaterowania, bezp\u0142atna pomoc medyczna oraz dost\u0119p dzieci do edukacji. Opr\u00f3cz tego w Polsce osoby obj\u0119te ochron\u0105 maj\u0105 prawo do otrzymywania \u015bwiadczenia wychowawczego 500+, korzystania z rodzinnego kapita\u0142u opieku\u0144czego, zasi\u0142ku piel\u0119gnacyjnego i opieku\u0144czego, maj\u0105 prawo do lek\u00f3w refundowanych, dodatku mieszkaniowego i innych \u015bwiadcze\u0144.&nbsp;<\/p>\n\n\n\n<p>Wed\u0142ug stanu na stycze\u0144 2023 r. z tymczasowej ochrony w UE skorzysta\u0142o 4 mln uchod\u017ac\u00f3w ukrai\u0144skich. &nbsp;<\/p>\n\n\n\n<h2 class=\"wp-block-heading\" id=\"p5\">Podsumowanie<\/h2>\n\n\n\n<p>Na podstawie przyk\u0142ad\u00f3w z Polski oraz innych kraj\u00f3w Unii Europejskiej mo\u017cemy doj\u015b\u0107 do jednoznacznego wniosku. \u015awiadczenia materialne i niematerialne opr\u00f3cz samej pomocy oferowanej drugiej osobie w trudnej sytuacji nios\u0105 tak\u017ce korzy\u015bci dla kraju przyjmuj\u0105cego. Otwieraj\u0105c granice dla os\u00f3b z innych kraj\u00f3w wzbogacamy nasz\u0105 gospodark\u0119, a tym kt\u00f3rzy ju\u017c si\u0119 u nas znale\u017ali, dajemy mo\u017cliwo\u015b\u0107 zintegrowania si\u0119 i aktywnego uczestnictwa w \u017cyciu spo\u0142ecznym. Tym samym zapobiegamy powstawaniu konflikt\u00f3w i wyklucze\u0144 oraz inwestujemy w kapita\u0142 spo\u0142eczny i poszerzamy horyzonty rodzimym mieszka\u0144com danego kraju.&nbsp;<\/p>\n","protected":false},"excerpt":{"rendered":"<p>W tym artykule przyjrzymy si\u0119 tematowi \u015bwiadcze\u0144 socjalnych, kt\u00f3re s\u0105 przyznawane uchod\u017acom i migrantom w wybranych krajach UE. Naszym celem jest pokazanie wachlarza mo\u017cliwo\u015bci wsparcia dla migrant\u00f3w z r\u00f3\u017cnych kraj\u00f3w, bior\u0105c pod uwag\u0119 nie tylko programy pomocowe powsta\u0142e w wyniku wzmo\u017conego ruchu migrant\u00f3w wojennych z Ukrainy. W tym celu dotarli\u015bmy do informacji o \u015bwiadczeniach dla&#8230;<\/p>\n","protected":false},"author":2,"featured_media":1650,"comment_status":"closed","ping_status":"closed","sticky":false,"template":"","format":"standard","meta":{"inline_featured_image":false,"advgb_blocks_editor_width":"","advgb_blocks_columns_visual_guide":"","footnotes":""},"categories":[5],"tags":[],"class_list":["post-1600","post","type-post","status-publish","format-standard","has-post-thumbnail","hentry","category-ciekawostka"],"yoast_head":"<!-- This site is optimized with the Yoast SEO plugin v23.0 - https:\/\/yoast.com\/wordpress\/plugins\/seo\/ -->\n<title>Wsparcie migrant\u00f3w i uchod\u017ac\u00f3w w r\u00f3\u017cnych krajach Unii Europejskiej.\u00a0 O\u00a0\u015bwiadczeniach socjalnych i ich spo\u0142ecznym postrzeganiu - Institute Of Migrant Rights<\/title>\n<meta name=\"description\" content=\"Naszyme celem jest kszta\u0142cenie spo\u0142ecze\u0144stwa r\u00f3wnych szans \u015bwiadomego swoich praw, poprzez prowadzenie dzia\u0142alno\u015bci konsultacyjnej i szkoleniowej.\" \/>\n<meta name=\"robots\" content=\"index, follow, max-snippet:-1, max-image-preview:large, max-video-preview:-1\" \/>\n<link rel=\"canonical\" href=\"https:\/\/www.instytutpm.eu\/wsparcie-migrantow-i-uchodzcow-w-roznych-krajach-unii-europejskiej-o-swiadczeniach-socjalnych-i-ich-spolecznym-postrzeganiu\/\" \/>\n<meta property=\"og:locale\" content=\"en_US\" \/>\n<meta property=\"og:type\" content=\"article\" \/>\n<meta property=\"og:title\" content=\"Wsparcie migrant\u00f3w i uchod\u017ac\u00f3w w r\u00f3\u017cnych krajach Unii Europejskiej.\u00a0 O\u00a0\u015bwiadczeniach socjalnych i ich spo\u0142ecznym postrzeganiu - Institute Of Migrant Rights\" \/>\n<meta property=\"og:description\" content=\"Naszyme celem jest kszta\u0142cenie spo\u0142ecze\u0144stwa r\u00f3wnych szans \u015bwiadomego swoich praw, poprzez prowadzenie dzia\u0142alno\u015bci konsultacyjnej i szkoleniowej.\" \/>\n<meta property=\"og:url\" content=\"https:\/\/www.instytutpm.eu\/wsparcie-migrantow-i-uchodzcow-w-roznych-krajach-unii-europejskiej-o-swiadczeniach-socjalnych-i-ich-spolecznym-postrzeganiu\/\" \/>\n<meta property=\"og:site_name\" content=\"Institute Of Migrant Rights\" \/>\n<meta property=\"article:publisher\" content=\"https:\/\/www.facebook.com\/Instytutpm\" \/>\n<meta property=\"article:published_time\" content=\"2023-05-05T13:46:58+00:00\" \/>\n<meta property=\"article:modified_time\" content=\"2023-08-08T12:18:05+00:00\" \/>\n<meta property=\"og:image\" content=\"https:\/\/www.instytutpm.eu\/wp-content\/uploads\/2023\/05\/wsparcie-migrantow.jpg\" \/>\n\t<meta property=\"og:image:width\" content=\"1920\" \/>\n\t<meta property=\"og:image:height\" content=\"1241\" \/>\n\t<meta property=\"og:image:type\" content=\"image\/jpeg\" \/>\n<meta name=\"author\" content=\"Instytut Praw Migrant\u00f3w\" \/>\n<meta name=\"twitter:card\" content=\"summary_large_image\" \/>\n<meta name=\"twitter:creator\" content=\"@Instytutipm\" \/>\n<meta name=\"twitter:site\" content=\"@Instytutipm\" \/>\n<meta name=\"twitter:label1\" content=\"Written by\" \/>\n\t<meta name=\"twitter:data1\" content=\"Instytut Praw Migrant\u00f3w\" \/>\n\t<meta name=\"twitter:label2\" content=\"Est. reading time\" \/>\n\t<meta name=\"twitter:data2\" content=\"6 minutes\" \/>\n<script type=\"application\/ld+json\" class=\"yoast-schema-graph\">{\"@context\":\"https:\/\/schema.org\",\"@graph\":[{\"@type\":\"Article\",\"@id\":\"https:\/\/www.instytutpm.eu\/wsparcie-migrantow-i-uchodzcow-w-roznych-krajach-unii-europejskiej-o-swiadczeniach-socjalnych-i-ich-spolecznym-postrzeganiu\/#article\",\"isPartOf\":{\"@id\":\"https:\/\/www.instytutpm.eu\/wsparcie-migrantow-i-uchodzcow-w-roznych-krajach-unii-europejskiej-o-swiadczeniach-socjalnych-i-ich-spolecznym-postrzeganiu\/\"},\"author\":{\"name\":\"Instytut Praw Migrant\u00f3w\",\"@id\":\"https:\/\/www.instytutpm.eu\/#\/schema\/person\/786e05d0f6f22e29b93c5ded632d8bd2\"},\"headline\":\"Wsparcie migrant\u00f3w i uchod\u017ac\u00f3w w r\u00f3\u017cnych krajach Unii Europejskiej.\u00a0 O\u00a0\u015bwiadczeniach socjalnych i ich spo\u0142ecznym postrzeganiu\",\"datePublished\":\"2023-05-05T13:46:58+00:00\",\"dateModified\":\"2023-08-08T12:18:05+00:00\",\"mainEntityOfPage\":{\"@id\":\"https:\/\/www.instytutpm.eu\/wsparcie-migrantow-i-uchodzcow-w-roznych-krajach-unii-europejskiej-o-swiadczeniach-socjalnych-i-ich-spolecznym-postrzeganiu\/\"},\"wordCount\":1532,\"publisher\":{\"@id\":\"https:\/\/www.instytutpm.eu\/#organization\"},\"image\":{\"@id\":\"https:\/\/www.instytutpm.eu\/wsparcie-migrantow-i-uchodzcow-w-roznych-krajach-unii-europejskiej-o-swiadczeniach-socjalnych-i-ich-spolecznym-postrzeganiu\/#primaryimage\"},\"thumbnailUrl\":\"https:\/\/www.instytutpm.eu\/wp-content\/uploads\/2023\/05\/wsparcie-migrantow.jpg\",\"articleSection\":[\"Ciekawostka\"],\"inLanguage\":\"en-US\"},{\"@type\":\"WebPage\",\"@id\":\"https:\/\/www.instytutpm.eu\/wsparcie-migrantow-i-uchodzcow-w-roznych-krajach-unii-europejskiej-o-swiadczeniach-socjalnych-i-ich-spolecznym-postrzeganiu\/\",\"url\":\"https:\/\/www.instytutpm.eu\/wsparcie-migrantow-i-uchodzcow-w-roznych-krajach-unii-europejskiej-o-swiadczeniach-socjalnych-i-ich-spolecznym-postrzeganiu\/\",\"name\":\"Wsparcie migrant\u00f3w i uchod\u017ac\u00f3w w r\u00f3\u017cnych krajach Unii Europejskiej.\u00a0 O\u00a0\u015bwiadczeniach socjalnych i ich spo\u0142ecznym postrzeganiu - Institute Of Migrant Rights\",\"isPartOf\":{\"@id\":\"https:\/\/www.instytutpm.eu\/#website\"},\"primaryImageOfPage\":{\"@id\":\"https:\/\/www.instytutpm.eu\/wsparcie-migrantow-i-uchodzcow-w-roznych-krajach-unii-europejskiej-o-swiadczeniach-socjalnych-i-ich-spolecznym-postrzeganiu\/#primaryimage\"},\"image\":{\"@id\":\"https:\/\/www.instytutpm.eu\/wsparcie-migrantow-i-uchodzcow-w-roznych-krajach-unii-europejskiej-o-swiadczeniach-socjalnych-i-ich-spolecznym-postrzeganiu\/#primaryimage\"},\"thumbnailUrl\":\"https:\/\/www.instytutpm.eu\/wp-content\/uploads\/2023\/05\/wsparcie-migrantow.jpg\",\"datePublished\":\"2023-05-05T13:46:58+00:00\",\"dateModified\":\"2023-08-08T12:18:05+00:00\",\"description\":\"Naszyme celem jest kszta\u0142cenie spo\u0142ecze\u0144stwa r\u00f3wnych szans \u015bwiadomego swoich praw, poprzez prowadzenie dzia\u0142alno\u015bci konsultacyjnej i szkoleniowej.\",\"breadcrumb\":{\"@id\":\"https:\/\/www.instytutpm.eu\/wsparcie-migrantow-i-uchodzcow-w-roznych-krajach-unii-europejskiej-o-swiadczeniach-socjalnych-i-ich-spolecznym-postrzeganiu\/#breadcrumb\"},\"inLanguage\":\"en-US\",\"potentialAction\":[{\"@type\":\"ReadAction\",\"target\":[\"https:\/\/www.instytutpm.eu\/wsparcie-migrantow-i-uchodzcow-w-roznych-krajach-unii-europejskiej-o-swiadczeniach-socjalnych-i-ich-spolecznym-postrzeganiu\/\"]}]},{\"@type\":\"ImageObject\",\"inLanguage\":\"en-US\",\"@id\":\"https:\/\/www.instytutpm.eu\/wsparcie-migrantow-i-uchodzcow-w-roznych-krajach-unii-europejskiej-o-swiadczeniach-socjalnych-i-ich-spolecznym-postrzeganiu\/#primaryimage\",\"url\":\"https:\/\/www.instytutpm.eu\/wp-content\/uploads\/2023\/05\/wsparcie-migrantow.jpg\",\"contentUrl\":\"https:\/\/www.instytutpm.eu\/wp-content\/uploads\/2023\/05\/wsparcie-migrantow.jpg\",\"width\":1920,\"height\":1241,\"caption\":\"wsparcie-migrantow\"},{\"@type\":\"BreadcrumbList\",\"@id\":\"https:\/\/www.instytutpm.eu\/wsparcie-migrantow-i-uchodzcow-w-roznych-krajach-unii-europejskiej-o-swiadczeniach-socjalnych-i-ich-spolecznym-postrzeganiu\/#breadcrumb\",\"itemListElement\":[{\"@type\":\"ListItem\",\"position\":1,\"name\":\"Home\",\"item\":\"https:\/\/www.instytutpm.eu\/en\/\"},{\"@type\":\"ListItem\",\"position\":2,\"name\":\"Wsparcie migrant\u00f3w i uchod\u017ac\u00f3w w r\u00f3\u017cnych krajach Unii Europejskiej.\u00a0 O\u00a0\u015bwiadczeniach socjalnych i ich spo\u0142ecznym postrzeganiu\"}]},{\"@type\":\"WebSite\",\"@id\":\"https:\/\/www.instytutpm.eu\/#website\",\"url\":\"https:\/\/www.instytutpm.eu\/\",\"name\":\"Instytut Praw Migrant\u00f3w\",\"description\":\"Free information support for migrants living in Poland\",\"publisher\":{\"@id\":\"https:\/\/www.instytutpm.eu\/#organization\"},\"alternateName\":\"IPM\",\"potentialAction\":[{\"@type\":\"SearchAction\",\"target\":{\"@type\":\"EntryPoint\",\"urlTemplate\":\"https:\/\/www.instytutpm.eu\/?s={search_term_string}\"},\"query-input\":\"required name=search_term_string\"}],\"inLanguage\":\"en-US\"},{\"@type\":\"Organization\",\"@id\":\"https:\/\/www.instytutpm.eu\/#organization\",\"name\":\"Instytut Praw Migrant\u00f3w\",\"alternateName\":\"IPM\",\"url\":\"https:\/\/www.instytutpm.eu\/\",\"logo\":{\"@type\":\"ImageObject\",\"inLanguage\":\"en-US\",\"@id\":\"https:\/\/www.instytutpm.eu\/#\/schema\/logo\/image\/\",\"url\":\"https:\/\/www.instytutpm.eu\/wp-content\/uploads\/2023\/05\/ipm-logo.jpg\",\"contentUrl\":\"https:\/\/www.instytutpm.eu\/wp-content\/uploads\/2023\/05\/ipm-logo.jpg\",\"width\":238,\"height\":238,\"caption\":\"Instytut Praw Migrant\u00f3w\"},\"image\":{\"@id\":\"https:\/\/www.instytutpm.eu\/#\/schema\/logo\/image\/\"},\"sameAs\":[\"https:\/\/www.facebook.com\/Instytutpm\",\"https:\/\/x.com\/Instytutipm\"]},{\"@type\":\"Person\",\"@id\":\"https:\/\/www.instytutpm.eu\/#\/schema\/person\/786e05d0f6f22e29b93c5ded632d8bd2\",\"name\":\"Instytut Praw Migrant\u00f3w\",\"image\":{\"@type\":\"ImageObject\",\"inLanguage\":\"en-US\",\"@id\":\"https:\/\/www.instytutpm.eu\/#\/schema\/person\/image\/\",\"url\":\"https:\/\/www.instytutpm.eu\/wp-content\/uploads\/2023\/05\/instytut-praw-migrantow_avatar-96x96.jpg\",\"contentUrl\":\"https:\/\/www.instytutpm.eu\/wp-content\/uploads\/2023\/05\/instytut-praw-migrantow_avatar-96x96.jpg\",\"caption\":\"Instytut Praw Migrant\u00f3w\"},\"description\":\"Naszym celem jest kszta\u0142cenie spo\u0142ecze\u0144stwa r\u00f3wnych szans \u015bwiadomego swoich praw, poprzez prowadzenie dzia\u0142alno\u015bci konsultacyjnej i szkoleniowej.\",\"url\":\"https:\/\/www.instytutpm.eu\/en\/author\/bp-admin\/\"}]}<\/script>\n<!-- \/ Yoast SEO plugin. -->","yoast_head_json":{"title":"Wsparcie migrant\u00f3w i uchod\u017ac\u00f3w w r\u00f3\u017cnych krajach Unii Europejskiej.\u00a0 O\u00a0\u015bwiadczeniach socjalnych i ich spo\u0142ecznym postrzeganiu - Institute Of Migrant Rights","description":"Naszyme celem jest kszta\u0142cenie spo\u0142ecze\u0144stwa r\u00f3wnych szans \u015bwiadomego swoich praw, poprzez prowadzenie dzia\u0142alno\u015bci konsultacyjnej i szkoleniowej.","robots":{"index":"index","follow":"follow","max-snippet":"max-snippet:-1","max-image-preview":"max-image-preview:large","max-video-preview":"max-video-preview:-1"},"canonical":"https:\/\/www.instytutpm.eu\/wsparcie-migrantow-i-uchodzcow-w-roznych-krajach-unii-europejskiej-o-swiadczeniach-socjalnych-i-ich-spolecznym-postrzeganiu\/","og_locale":"en_US","og_type":"article","og_title":"Wsparcie migrant\u00f3w i uchod\u017ac\u00f3w w r\u00f3\u017cnych krajach Unii Europejskiej.\u00a0 O\u00a0\u015bwiadczeniach socjalnych i ich spo\u0142ecznym postrzeganiu - Institute Of Migrant Rights","og_description":"Naszyme celem jest kszta\u0142cenie spo\u0142ecze\u0144stwa r\u00f3wnych szans \u015bwiadomego swoich praw, poprzez prowadzenie dzia\u0142alno\u015bci konsultacyjnej i szkoleniowej.","og_url":"https:\/\/www.instytutpm.eu\/wsparcie-migrantow-i-uchodzcow-w-roznych-krajach-unii-europejskiej-o-swiadczeniach-socjalnych-i-ich-spolecznym-postrzeganiu\/","og_site_name":"Institute Of Migrant Rights","article_publisher":"https:\/\/www.facebook.com\/Instytutpm","article_published_time":"2023-05-05T13:46:58+00:00","article_modified_time":"2023-08-08T12:18:05+00:00","og_image":[{"width":1920,"height":1241,"url":"https:\/\/www.instytutpm.eu\/wp-content\/uploads\/2023\/05\/wsparcie-migrantow.jpg","type":"image\/jpeg"}],"author":"Instytut Praw Migrant\u00f3w","twitter_card":"summary_large_image","twitter_creator":"@Instytutipm","twitter_site":"@Instytutipm","twitter_misc":{"Written by":"Instytut Praw Migrant\u00f3w","Est. reading time":"6 minutes"},"schema":{"@context":"https:\/\/schema.org","@graph":[{"@type":"Article","@id":"https:\/\/www.instytutpm.eu\/wsparcie-migrantow-i-uchodzcow-w-roznych-krajach-unii-europejskiej-o-swiadczeniach-socjalnych-i-ich-spolecznym-postrzeganiu\/#article","isPartOf":{"@id":"https:\/\/www.instytutpm.eu\/wsparcie-migrantow-i-uchodzcow-w-roznych-krajach-unii-europejskiej-o-swiadczeniach-socjalnych-i-ich-spolecznym-postrzeganiu\/"},"author":{"name":"Instytut Praw Migrant\u00f3w","@id":"https:\/\/www.instytutpm.eu\/#\/schema\/person\/786e05d0f6f22e29b93c5ded632d8bd2"},"headline":"Wsparcie migrant\u00f3w i uchod\u017ac\u00f3w w r\u00f3\u017cnych krajach Unii Europejskiej.\u00a0 O\u00a0\u015bwiadczeniach socjalnych i ich spo\u0142ecznym postrzeganiu","datePublished":"2023-05-05T13:46:58+00:00","dateModified":"2023-08-08T12:18:05+00:00","mainEntityOfPage":{"@id":"https:\/\/www.instytutpm.eu\/wsparcie-migrantow-i-uchodzcow-w-roznych-krajach-unii-europejskiej-o-swiadczeniach-socjalnych-i-ich-spolecznym-postrzeganiu\/"},"wordCount":1532,"publisher":{"@id":"https:\/\/www.instytutpm.eu\/#organization"},"image":{"@id":"https:\/\/www.instytutpm.eu\/wsparcie-migrantow-i-uchodzcow-w-roznych-krajach-unii-europejskiej-o-swiadczeniach-socjalnych-i-ich-spolecznym-postrzeganiu\/#primaryimage"},"thumbnailUrl":"https:\/\/www.instytutpm.eu\/wp-content\/uploads\/2023\/05\/wsparcie-migrantow.jpg","articleSection":["Ciekawostka"],"inLanguage":"en-US"},{"@type":"WebPage","@id":"https:\/\/www.instytutpm.eu\/wsparcie-migrantow-i-uchodzcow-w-roznych-krajach-unii-europejskiej-o-swiadczeniach-socjalnych-i-ich-spolecznym-postrzeganiu\/","url":"https:\/\/www.instytutpm.eu\/wsparcie-migrantow-i-uchodzcow-w-roznych-krajach-unii-europejskiej-o-swiadczeniach-socjalnych-i-ich-spolecznym-postrzeganiu\/","name":"Wsparcie migrant\u00f3w i uchod\u017ac\u00f3w w r\u00f3\u017cnych krajach Unii Europejskiej.\u00a0 O\u00a0\u015bwiadczeniach socjalnych i ich spo\u0142ecznym postrzeganiu - Institute Of Migrant Rights","isPartOf":{"@id":"https:\/\/www.instytutpm.eu\/#website"},"primaryImageOfPage":{"@id":"https:\/\/www.instytutpm.eu\/wsparcie-migrantow-i-uchodzcow-w-roznych-krajach-unii-europejskiej-o-swiadczeniach-socjalnych-i-ich-spolecznym-postrzeganiu\/#primaryimage"},"image":{"@id":"https:\/\/www.instytutpm.eu\/wsparcie-migrantow-i-uchodzcow-w-roznych-krajach-unii-europejskiej-o-swiadczeniach-socjalnych-i-ich-spolecznym-postrzeganiu\/#primaryimage"},"thumbnailUrl":"https:\/\/www.instytutpm.eu\/wp-content\/uploads\/2023\/05\/wsparcie-migrantow.jpg","datePublished":"2023-05-05T13:46:58+00:00","dateModified":"2023-08-08T12:18:05+00:00","description":"Naszyme celem jest kszta\u0142cenie spo\u0142ecze\u0144stwa r\u00f3wnych szans \u015bwiadomego swoich praw, poprzez prowadzenie dzia\u0142alno\u015bci konsultacyjnej i szkoleniowej.","breadcrumb":{"@id":"https:\/\/www.instytutpm.eu\/wsparcie-migrantow-i-uchodzcow-w-roznych-krajach-unii-europejskiej-o-swiadczeniach-socjalnych-i-ich-spolecznym-postrzeganiu\/#breadcrumb"},"inLanguage":"en-US","potentialAction":[{"@type":"ReadAction","target":["https:\/\/www.instytutpm.eu\/wsparcie-migrantow-i-uchodzcow-w-roznych-krajach-unii-europejskiej-o-swiadczeniach-socjalnych-i-ich-spolecznym-postrzeganiu\/"]}]},{"@type":"ImageObject","inLanguage":"en-US","@id":"https:\/\/www.instytutpm.eu\/wsparcie-migrantow-i-uchodzcow-w-roznych-krajach-unii-europejskiej-o-swiadczeniach-socjalnych-i-ich-spolecznym-postrzeganiu\/#primaryimage","url":"https:\/\/www.instytutpm.eu\/wp-content\/uploads\/2023\/05\/wsparcie-migrantow.jpg","contentUrl":"https:\/\/www.instytutpm.eu\/wp-content\/uploads\/2023\/05\/wsparcie-migrantow.jpg","width":1920,"height":1241,"caption":"wsparcie-migrantow"},{"@type":"BreadcrumbList","@id":"https:\/\/www.instytutpm.eu\/wsparcie-migrantow-i-uchodzcow-w-roznych-krajach-unii-europejskiej-o-swiadczeniach-socjalnych-i-ich-spolecznym-postrzeganiu\/#breadcrumb","itemListElement":[{"@type":"ListItem","position":1,"name":"Home","item":"https:\/\/www.instytutpm.eu\/en\/"},{"@type":"ListItem","position":2,"name":"Wsparcie migrant\u00f3w i uchod\u017ac\u00f3w w r\u00f3\u017cnych krajach Unii Europejskiej.\u00a0 O\u00a0\u015bwiadczeniach socjalnych i ich spo\u0142ecznym postrzeganiu"}]},{"@type":"WebSite","@id":"https:\/\/www.instytutpm.eu\/#website","url":"https:\/\/www.instytutpm.eu\/","name":"Instytut Praw Migrant\u00f3w","description":"Free information support for migrants living in Poland","publisher":{"@id":"https:\/\/www.instytutpm.eu\/#organization"},"alternateName":"IPM","potentialAction":[{"@type":"SearchAction","target":{"@type":"EntryPoint","urlTemplate":"https:\/\/www.instytutpm.eu\/?s={search_term_string}"},"query-input":"required name=search_term_string"}],"inLanguage":"en-US"},{"@type":"Organization","@id":"https:\/\/www.instytutpm.eu\/#organization","name":"Instytut Praw Migrant\u00f3w","alternateName":"IPM","url":"https:\/\/www.instytutpm.eu\/","logo":{"@type":"ImageObject","inLanguage":"en-US","@id":"https:\/\/www.instytutpm.eu\/#\/schema\/logo\/image\/","url":"https:\/\/www.instytutpm.eu\/wp-content\/uploads\/2023\/05\/ipm-logo.jpg","contentUrl":"https:\/\/www.instytutpm.eu\/wp-content\/uploads\/2023\/05\/ipm-logo.jpg","width":238,"height":238,"caption":"Instytut Praw Migrant\u00f3w"},"image":{"@id":"https:\/\/www.instytutpm.eu\/#\/schema\/logo\/image\/"},"sameAs":["https:\/\/www.facebook.com\/Instytutpm","https:\/\/x.com\/Instytutipm"]},{"@type":"Person","@id":"https:\/\/www.instytutpm.eu\/#\/schema\/person\/786e05d0f6f22e29b93c5ded632d8bd2","name":"Instytut Praw Migrant\u00f3w","image":{"@type":"ImageObject","inLanguage":"en-US","@id":"https:\/\/www.instytutpm.eu\/#\/schema\/person\/image\/","url":"https:\/\/www.instytutpm.eu\/wp-content\/uploads\/2023\/05\/instytut-praw-migrantow_avatar-96x96.jpg","contentUrl":"https:\/\/www.instytutpm.eu\/wp-content\/uploads\/2023\/05\/instytut-praw-migrantow_avatar-96x96.jpg","caption":"Instytut Praw Migrant\u00f3w"},"description":"Naszym celem jest kszta\u0142cenie spo\u0142ecze\u0144stwa r\u00f3wnych szans \u015bwiadomego swoich praw, poprzez prowadzenie dzia\u0142alno\u015bci konsultacyjnej i szkoleniowej.","url":"https:\/\/www.instytutpm.eu\/en\/author\/bp-admin\/"}]}},"author_meta":{"display_name":"Instytut Praw Migrant\u00f3w","author_link":"https:\/\/www.instytutpm.eu\/en\/author\/bp-admin\/"},"featured_img":"https:\/\/www.instytutpm.eu\/wp-content\/uploads\/2023\/05\/wsparcie-migrantow-600x388.jpg","coauthors":[],"tax_additional":{"categories":{"linked":["<a href=\"https:\/\/www.instytutpm.eu\/en\/category\/ciekawostka\/\" class=\"advgb-post-tax-term\">Ciekawostka<\/a>"],"unlinked":["<span class=\"advgb-post-tax-term\">Ciekawostka<\/span>"]}},"comment_count":"0","relative_dates":{"created":"Posted 3 years ago","modified":"Updated 3 years ago"},"absolute_dates":{"created":"Posted on 2023-05-05","modified":"Updated on 2023-08-08"},"absolute_dates_time":{"created":"Posted on 2023-05-05 15:46","modified":"Updated on 2023-08-08 14:18"},"featured_img_caption":"","series_order":"","_links":{"self":[{"href":"https:\/\/www.instytutpm.eu\/en\/wp-json\/wp\/v2\/posts\/1600","targetHints":{"allow":["GET"]}}],"collection":[{"href":"https:\/\/www.instytutpm.eu\/en\/wp-json\/wp\/v2\/posts"}],"about":[{"href":"https:\/\/www.instytutpm.eu\/en\/wp-json\/wp\/v2\/types\/post"}],"author":[{"embeddable":true,"href":"https:\/\/www.instytutpm.eu\/en\/wp-json\/wp\/v2\/users\/2"}],"replies":[{"embeddable":true,"href":"https:\/\/www.instytutpm.eu\/en\/wp-json\/wp\/v2\/comments?post=1600"}],"version-history":[{"count":7,"href":"https:\/\/www.instytutpm.eu\/en\/wp-json\/wp\/v2\/posts\/1600\/revisions"}],"predecessor-version":[{"id":1653,"href":"https:\/\/www.instytutpm.eu\/en\/wp-json\/wp\/v2\/posts\/1600\/revisions\/1653"}],"wp:featuredmedia":[{"embeddable":true,"href":"https:\/\/www.instytutpm.eu\/en\/wp-json\/wp\/v2\/media\/1650"}],"wp:attachment":[{"href":"https:\/\/www.instytutpm.eu\/en\/wp-json\/wp\/v2\/media?parent=1600"}],"wp:term":[{"taxonomy":"category","embeddable":true,"href":"https:\/\/www.instytutpm.eu\/en\/wp-json\/wp\/v2\/categories?post=1600"},{"taxonomy":"post_tag","embeddable":true,"href":"https:\/\/www.instytutpm.eu\/en\/wp-json\/wp\/v2\/tags?post=1600"}],"curies":[{"name":"wp","href":"https:\/\/api.w.org\/{rel}","templated":true}]}}