{"id":1420,"date":"2023-02-13T10:46:32","date_gmt":"2023-02-13T09:46:32","guid":{"rendered":"https:\/\/www.instytutpm.eu\/?p=1420"},"modified":"2023-05-19T09:43:34","modified_gmt":"2023-05-19T07:43:34","slug":"pit-co-to-jest","status":"publish","type":"post","link":"https:\/\/www.instytutpm.eu\/en\/pit-co-to-jest\/","title":{"rendered":"PIT &#8211; co to jest?"},"content":{"rendered":"\n<p><strong>PIT jest osobistym podatkiem dochodowym, czyli podatkiem, kt\u00f3ry pobiera si\u0119 od os\u00f3b fizycznych. PIT dotyczy przychod\u00f3w z tytu\u0142u:<\/strong><\/p>\n\n\n\n<ul class=\"wp-block-list\">\n<li>wynagrodzenia ze stosunku pracy \u2013 zar\u00f3wno z umowy o dzie\u0142o, zlecenie oraz o prac\u0119;<\/li>\n\n\n\n<li>emerytur, rent oraz zasi\u0142k\u00f3w;<\/li>\n\n\n\n<li>prowadzenia jednoosobowej dzia\u0142alno\u015bci gospodarczej;<\/li>\n\n\n\n<li>wykonywania wolnego zawodu (adwokat, doradca prawny itp.);<\/li>\n\n\n\n<li>dzia\u0142alno\u015bci artystycznej, literackiej, naukowej, tw\u00f3rczej, publicystycznej, o\u015bwiatowej.<\/li>\n<\/ul>\n\n\n\n<figure class=\"wp-block-image size-large\"><img loading=\"lazy\" decoding=\"async\" width=\"1440\" height=\"1022\" src=\"https:\/\/www.instytutpm.eu\/wp-content\/uploads\/2023\/02\/PIT_co_to_jest-1440x1022.png\" alt=\"PIT_co_to_jest\" class=\"wp-image-1680\"\/><\/figure>\n\n\n\n<p><strong>Kto ma obowi\u0105zek rozliczania PIT-u?<\/strong><\/p>\n\n\n\n<ul class=\"wp-block-list\">\n<li>Wszyscy, kt\u00f3rzy uko\u0144czyli 26 lat i s\u0105 podatkowymi rezydentami w Polsce;<\/li>\n\n\n\n<li>Niepe\u0142noletnie dzieci (rozliczane s\u0105 na wsp\u00f3lnym formularzu z rodzicami).<\/li>\n<\/ul>\n\n\n\n<p>Ka\u017cdy pracodawca i zleceniodawca ma obowi\u0105zek wys\u0142ania PIT-11do urz\u0119du skarbowego i do pracownika. Jest to informacja dotycz\u0105ca wysoko\u015bci osi\u0105gni\u0119tego przez nich rocznego dochodu i pobranych zaliczkach.&nbsp;<\/p>\n\n\n\n<p>Na podstawie uzyskanego PIT-11, sk\u0142ada si\u0119 druk z kt\u00f3rego s\u0105 rozliczane podatnicy, czyli PIT-37. Oni deklaruj\u0105 swoje wynagrodzenie i zarobki za po\u015brednictwem p\u0142atnik\u00f3w lub uzyskali PIT-11 od innych podmiot\u00f3w, kt\u00f3re nie s\u0105 p\u0142atnikami i wyp\u0142acaj\u0105 wynagrodzenia tym podatnikom.<\/p>\n\n\n\n<p>Podatnicy maj\u0105 obowi\u0105zek sk\u0142ada\u0107 PIT w okresie od 15 lutego do 30 kwietnia roku nast\u0119puj\u0105cego po roku podatkowym, za kt\u00f3ry deklaracja jest sk\u0142adana.<\/p>\n\n\n\n<p>PIT mo\u017cna rozliczy\u0107 online na stronie\/w aplikacji: <a href=\"https:\/\/www.e-pity.pl\/\" target=\"_blank\" rel=\"noreferrer noopener\">https:\/\/www.e-pity.pl\/<\/a> b\u0105d\u017a bezpo\u015brednio w urz\u0119dzie skarbowym.<\/p>\n\n\n\n<p><strong>Przypadki w kt\u00f3rych PIT-u si\u0119 nie rozlicza:<\/strong><\/p>\n\n\n\n<ul class=\"wp-block-list\">\n<li>wygrane loterie, gdy jednorazowa warto\u015b\u0107 wygranych pieni\u0119dzy nie przekracza kwoty 2280 z\u0142otych;<\/li>\n\n\n\n<li>odprawy po\u015bmiertne;<\/li>\n\n\n\n<li>zasi\u0142ki pogrzebowe;<\/li>\n\n\n\n<li>niekt\u00f3re stypendia i \u015bwiadczenia pieni\u0119\u017cne wyp\u0142acane przez uczelnie wy\u017csze;<\/li>\n\n\n\n<li>\u015bwiadczenia rodzinne.<\/li>\n<\/ul>\n\n\n\n<p>Tak\u017ce istnieje tzw. zerowy PIT &#8211; podatek ulgowy, a dok\u0142adniej zwolnienie od podatku. Dotyczy on os\u00f3b fizycznych, kt\u00f3re nie otrzymali przychod\u00f3w pieni\u0119\u017cnych w roku poprzednim. Mog\u0105 to by\u0107 studenci, kt\u00f3rzy s\u0105 utrzymywane przez rodzic\u00f3w. Zerowy PIT dotyczy tak\u017ce os\u00f3b niepracuj\u0105cych, kt\u00f3re s\u0105 na utrzymaniu wsp\u00f3\u0142ma\u0142\u017conka.<\/p>\n\n\n\n<p>Osoby, kt\u00f3re nie uko\u0144czyli 26-go roku \u017cycia, tak\u017ce s\u0105 rozliczani wed\u0142ug zerowego PIT-u je\u015bli ich zarobki wynosz\u0105 mniej ni\u017c 7127 z\u0142 brutto miesi\u0119cznie (limit roczny przychodu &#8211; 85 528 z\u0142otych brutto).<\/p>\n\n\n\n<p>Obowi\u0105zek z\u0142o\u017cenia PIT-u maj\u0105 tak\u017ce przedsi\u0119biorcy w zale\u017cno\u015bci od prowadzonej dzia\u0142alno\u015bci, wed\u0142ug formularzy PIT-28, PIT-36, lub PIT-38.<\/p>\n\n\n\n<p>W Instytucie Praw Migrant\u00f3w mog\u0105 pom\u00f3c w rozliczeniu PIT-u, w niezale\u017cno\u015bci od jego rodzaju, wi\u0119c zapraszamy Pa\u0144stwo do zapis\u00f3w na konsultacje do specjalisty ds. finans\u00f3w.<\/p>\n\n\n\n<p>Projekt \u201cIntegracja, adaptacja, akceptacja. Wsparcie obywateli pa\u0144stw trzecich na Dolnym \u015al\u0105sku \u2013 Etap II\u201d wsp\u00f3\u0142finansowany jest z Programu Krajowego Funduszu Azylu, Migracji i Integracji oraz bud\u017cetu pa\u0144stwa.<\/p>\n","protected":false},"excerpt":{"rendered":"<p>PIT jest osobistym podatkiem dochodowym, czyli podatkiem, kt\u00f3ry pobiera si\u0119 od os\u00f3b fizycznych. PIT dotyczy przychod\u00f3w z tytu\u0142u: Kto ma obowi\u0105zek rozliczania PIT-u? Ka\u017cdy pracodawca i zleceniodawca ma obowi\u0105zek wys\u0142ania PIT-11do urz\u0119du skarbowego i do pracownika. Jest to informacja dotycz\u0105ca wysoko\u015bci osi\u0105gni\u0119tego przez nich rocznego dochodu i pobranych zaliczkach.&nbsp; Na podstawie uzyskanego PIT-11, sk\u0142ada si\u0119&#8230;<\/p>\n","protected":false},"author":2,"featured_media":1680,"comment_status":"closed","ping_status":"closed","sticky":false,"template":"","format":"standard","meta":{"inline_featured_image":false,"advgb_blocks_editor_width":"","advgb_blocks_columns_visual_guide":"","footnotes":""},"categories":[1,27],"tags":[],"class_list":["post-1420","post","type-post","status-publish","format-standard","has-post-thumbnail","hentry","category-instytut-praw-migrantow","category-praca"],"yoast_head":"<!-- This site is optimized with the Yoast SEO plugin v23.0 - https:\/\/yoast.com\/wordpress\/plugins\/seo\/ -->\n<title>PIT - co to jest? - Institute Of Migrant Rights<\/title>\n<meta name=\"description\" content=\"Naszyme celem jest kszta\u0142cenie spo\u0142ecze\u0144stwa r\u00f3wnych szans \u015bwiadomego swoich praw, poprzez prowadzenie dzia\u0142alno\u015bci konsultacyjnej i szkoleniowej.\" \/>\n<meta name=\"robots\" content=\"index, follow, max-snippet:-1, max-image-preview:large, max-video-preview:-1\" \/>\n<link rel=\"canonical\" href=\"https:\/\/www.instytutpm.eu\/pit-co-to-jest\/\" \/>\n<meta property=\"og:locale\" content=\"en_US\" \/>\n<meta property=\"og:type\" content=\"article\" \/>\n<meta property=\"og:title\" content=\"PIT - co to jest? - Institute Of Migrant Rights\" \/>\n<meta property=\"og:description\" content=\"Naszyme celem jest kszta\u0142cenie spo\u0142ecze\u0144stwa r\u00f3wnych szans \u015bwiadomego swoich praw, poprzez prowadzenie dzia\u0142alno\u015bci konsultacyjnej i szkoleniowej.\" \/>\n<meta property=\"og:url\" content=\"https:\/\/www.instytutpm.eu\/pit-co-to-jest\/\" \/>\n<meta property=\"og:site_name\" content=\"Institute Of Migrant Rights\" \/>\n<meta property=\"article:publisher\" content=\"https:\/\/www.facebook.com\/Instytutpm\" \/>\n<meta property=\"article:published_time\" content=\"2023-02-13T09:46:32+00:00\" \/>\n<meta property=\"article:modified_time\" content=\"2023-05-19T07:43:34+00:00\" \/>\n<meta property=\"og:image\" content=\"https:\/\/www.instytutpm.eu\/wp-content\/uploads\/2023\/02\/PIT_co_to_jest-1440x1022.png\" \/>\n\t<meta property=\"og:image:width\" content=\"1440\" \/>\n\t<meta property=\"og:image:height\" content=\"1022\" \/>\n\t<meta property=\"og:image:type\" content=\"image\/png\" \/>\n<meta name=\"author\" content=\"Instytut Praw Migrant\u00f3w\" \/>\n<meta name=\"twitter:card\" content=\"summary_large_image\" \/>\n<meta name=\"twitter:creator\" content=\"@Instytutipm\" \/>\n<meta name=\"twitter:site\" content=\"@Instytutipm\" \/>\n<meta name=\"twitter:label1\" content=\"Written by\" \/>\n\t<meta name=\"twitter:data1\" content=\"Instytut Praw Migrant\u00f3w\" \/>\n\t<meta name=\"twitter:label2\" content=\"Est. reading time\" \/>\n\t<meta name=\"twitter:data2\" content=\"2 minutes\" \/>\n<script type=\"application\/ld+json\" class=\"yoast-schema-graph\">{\"@context\":\"https:\/\/schema.org\",\"@graph\":[{\"@type\":\"Article\",\"@id\":\"https:\/\/www.instytutpm.eu\/pit-co-to-jest\/#article\",\"isPartOf\":{\"@id\":\"https:\/\/www.instytutpm.eu\/pit-co-to-jest\/\"},\"author\":{\"name\":\"Instytut Praw Migrant\u00f3w\",\"@id\":\"https:\/\/www.instytutpm.eu\/#\/schema\/person\/786e05d0f6f22e29b93c5ded632d8bd2\"},\"headline\":\"PIT &#8211; co to jest?\",\"datePublished\":\"2023-02-13T09:46:32+00:00\",\"dateModified\":\"2023-05-19T07:43:34+00:00\",\"mainEntityOfPage\":{\"@id\":\"https:\/\/www.instytutpm.eu\/pit-co-to-jest\/\"},\"wordCount\":459,\"publisher\":{\"@id\":\"https:\/\/www.instytutpm.eu\/#organization\"},\"image\":{\"@id\":\"https:\/\/www.instytutpm.eu\/pit-co-to-jest\/#primaryimage\"},\"thumbnailUrl\":\"https:\/\/www.instytutpm.eu\/wp-content\/uploads\/2023\/02\/PIT_co_to_jest.png\",\"articleSection\":[\"IPM\",\"Praca\"],\"inLanguage\":\"en-US\"},{\"@type\":\"WebPage\",\"@id\":\"https:\/\/www.instytutpm.eu\/pit-co-to-jest\/\",\"url\":\"https:\/\/www.instytutpm.eu\/pit-co-to-jest\/\",\"name\":\"PIT - co to jest? - Institute Of Migrant Rights\",\"isPartOf\":{\"@id\":\"https:\/\/www.instytutpm.eu\/#website\"},\"primaryImageOfPage\":{\"@id\":\"https:\/\/www.instytutpm.eu\/pit-co-to-jest\/#primaryimage\"},\"image\":{\"@id\":\"https:\/\/www.instytutpm.eu\/pit-co-to-jest\/#primaryimage\"},\"thumbnailUrl\":\"https:\/\/www.instytutpm.eu\/wp-content\/uploads\/2023\/02\/PIT_co_to_jest.png\",\"datePublished\":\"2023-02-13T09:46:32+00:00\",\"dateModified\":\"2023-05-19T07:43:34+00:00\",\"description\":\"Naszyme celem jest kszta\u0142cenie spo\u0142ecze\u0144stwa r\u00f3wnych szans \u015bwiadomego swoich praw, poprzez prowadzenie dzia\u0142alno\u015bci konsultacyjnej i szkoleniowej.\",\"breadcrumb\":{\"@id\":\"https:\/\/www.instytutpm.eu\/pit-co-to-jest\/#breadcrumb\"},\"inLanguage\":\"en-US\",\"potentialAction\":[{\"@type\":\"ReadAction\",\"target\":[\"https:\/\/www.instytutpm.eu\/pit-co-to-jest\/\"]}]},{\"@type\":\"ImageObject\",\"inLanguage\":\"en-US\",\"@id\":\"https:\/\/www.instytutpm.eu\/pit-co-to-jest\/#primaryimage\",\"url\":\"https:\/\/www.instytutpm.eu\/wp-content\/uploads\/2023\/02\/PIT_co_to_jest.png\",\"contentUrl\":\"https:\/\/www.instytutpm.eu\/wp-content\/uploads\/2023\/02\/PIT_co_to_jest.png\",\"width\":1748,\"height\":1240,\"caption\":\"PIT_co_to_jest\"},{\"@type\":\"BreadcrumbList\",\"@id\":\"https:\/\/www.instytutpm.eu\/pit-co-to-jest\/#breadcrumb\",\"itemListElement\":[{\"@type\":\"ListItem\",\"position\":1,\"name\":\"Home\",\"item\":\"https:\/\/www.instytutpm.eu\/en\/\"},{\"@type\":\"ListItem\",\"position\":2,\"name\":\"PIT &#8211; co to jest?\"}]},{\"@type\":\"WebSite\",\"@id\":\"https:\/\/www.instytutpm.eu\/#website\",\"url\":\"https:\/\/www.instytutpm.eu\/\",\"name\":\"Instytut Praw Migrant\u00f3w\",\"description\":\"Free information support for migrants living in Poland\",\"publisher\":{\"@id\":\"https:\/\/www.instytutpm.eu\/#organization\"},\"alternateName\":\"IPM\",\"potentialAction\":[{\"@type\":\"SearchAction\",\"target\":{\"@type\":\"EntryPoint\",\"urlTemplate\":\"https:\/\/www.instytutpm.eu\/?s={search_term_string}\"},\"query-input\":\"required name=search_term_string\"}],\"inLanguage\":\"en-US\"},{\"@type\":\"Organization\",\"@id\":\"https:\/\/www.instytutpm.eu\/#organization\",\"name\":\"Instytut Praw Migrant\u00f3w\",\"alternateName\":\"IPM\",\"url\":\"https:\/\/www.instytutpm.eu\/\",\"logo\":{\"@type\":\"ImageObject\",\"inLanguage\":\"en-US\",\"@id\":\"https:\/\/www.instytutpm.eu\/#\/schema\/logo\/image\/\",\"url\":\"https:\/\/www.instytutpm.eu\/wp-content\/uploads\/2023\/05\/ipm-logo.jpg\",\"contentUrl\":\"https:\/\/www.instytutpm.eu\/wp-content\/uploads\/2023\/05\/ipm-logo.jpg\",\"width\":238,\"height\":238,\"caption\":\"Instytut Praw Migrant\u00f3w\"},\"image\":{\"@id\":\"https:\/\/www.instytutpm.eu\/#\/schema\/logo\/image\/\"},\"sameAs\":[\"https:\/\/www.facebook.com\/Instytutpm\",\"https:\/\/x.com\/Instytutipm\"]},{\"@type\":\"Person\",\"@id\":\"https:\/\/www.instytutpm.eu\/#\/schema\/person\/786e05d0f6f22e29b93c5ded632d8bd2\",\"name\":\"Instytut Praw Migrant\u00f3w\",\"image\":{\"@type\":\"ImageObject\",\"inLanguage\":\"en-US\",\"@id\":\"https:\/\/www.instytutpm.eu\/#\/schema\/person\/image\/\",\"url\":\"https:\/\/www.instytutpm.eu\/wp-content\/uploads\/2023\/05\/instytut-praw-migrantow_avatar-96x96.jpg\",\"contentUrl\":\"https:\/\/www.instytutpm.eu\/wp-content\/uploads\/2023\/05\/instytut-praw-migrantow_avatar-96x96.jpg\",\"caption\":\"Instytut Praw Migrant\u00f3w\"},\"description\":\"Naszym celem jest kszta\u0142cenie spo\u0142ecze\u0144stwa r\u00f3wnych szans \u015bwiadomego swoich praw, poprzez prowadzenie dzia\u0142alno\u015bci konsultacyjnej i szkoleniowej.\",\"url\":\"https:\/\/www.instytutpm.eu\/en\/author\/bp-admin\/\"}]}<\/script>\n<!-- \/ Yoast SEO plugin. -->","yoast_head_json":{"title":"PIT - co to jest? - Institute Of Migrant Rights","description":"Naszyme celem jest kszta\u0142cenie spo\u0142ecze\u0144stwa r\u00f3wnych szans \u015bwiadomego swoich praw, poprzez prowadzenie dzia\u0142alno\u015bci konsultacyjnej i szkoleniowej.","robots":{"index":"index","follow":"follow","max-snippet":"max-snippet:-1","max-image-preview":"max-image-preview:large","max-video-preview":"max-video-preview:-1"},"canonical":"https:\/\/www.instytutpm.eu\/pit-co-to-jest\/","og_locale":"en_US","og_type":"article","og_title":"PIT - co to jest? - Institute Of Migrant Rights","og_description":"Naszyme celem jest kszta\u0142cenie spo\u0142ecze\u0144stwa r\u00f3wnych szans \u015bwiadomego swoich praw, poprzez prowadzenie dzia\u0142alno\u015bci konsultacyjnej i szkoleniowej.","og_url":"https:\/\/www.instytutpm.eu\/pit-co-to-jest\/","og_site_name":"Institute Of Migrant Rights","article_publisher":"https:\/\/www.facebook.com\/Instytutpm","article_published_time":"2023-02-13T09:46:32+00:00","article_modified_time":"2023-05-19T07:43:34+00:00","og_image":[{"width":1440,"height":1022,"url":"https:\/\/www.instytutpm.eu\/wp-content\/uploads\/2023\/02\/PIT_co_to_jest-1440x1022.png","type":"image\/png"}],"author":"Instytut Praw Migrant\u00f3w","twitter_card":"summary_large_image","twitter_creator":"@Instytutipm","twitter_site":"@Instytutipm","twitter_misc":{"Written by":"Instytut Praw Migrant\u00f3w","Est. reading time":"2 minutes"},"schema":{"@context":"https:\/\/schema.org","@graph":[{"@type":"Article","@id":"https:\/\/www.instytutpm.eu\/pit-co-to-jest\/#article","isPartOf":{"@id":"https:\/\/www.instytutpm.eu\/pit-co-to-jest\/"},"author":{"name":"Instytut Praw Migrant\u00f3w","@id":"https:\/\/www.instytutpm.eu\/#\/schema\/person\/786e05d0f6f22e29b93c5ded632d8bd2"},"headline":"PIT &#8211; co to jest?","datePublished":"2023-02-13T09:46:32+00:00","dateModified":"2023-05-19T07:43:34+00:00","mainEntityOfPage":{"@id":"https:\/\/www.instytutpm.eu\/pit-co-to-jest\/"},"wordCount":459,"publisher":{"@id":"https:\/\/www.instytutpm.eu\/#organization"},"image":{"@id":"https:\/\/www.instytutpm.eu\/pit-co-to-jest\/#primaryimage"},"thumbnailUrl":"https:\/\/www.instytutpm.eu\/wp-content\/uploads\/2023\/02\/PIT_co_to_jest.png","articleSection":["IPM","Praca"],"inLanguage":"en-US"},{"@type":"WebPage","@id":"https:\/\/www.instytutpm.eu\/pit-co-to-jest\/","url":"https:\/\/www.instytutpm.eu\/pit-co-to-jest\/","name":"PIT - co to jest? - Institute Of Migrant Rights","isPartOf":{"@id":"https:\/\/www.instytutpm.eu\/#website"},"primaryImageOfPage":{"@id":"https:\/\/www.instytutpm.eu\/pit-co-to-jest\/#primaryimage"},"image":{"@id":"https:\/\/www.instytutpm.eu\/pit-co-to-jest\/#primaryimage"},"thumbnailUrl":"https:\/\/www.instytutpm.eu\/wp-content\/uploads\/2023\/02\/PIT_co_to_jest.png","datePublished":"2023-02-13T09:46:32+00:00","dateModified":"2023-05-19T07:43:34+00:00","description":"Naszyme celem jest kszta\u0142cenie spo\u0142ecze\u0144stwa r\u00f3wnych szans \u015bwiadomego swoich praw, poprzez prowadzenie dzia\u0142alno\u015bci konsultacyjnej i szkoleniowej.","breadcrumb":{"@id":"https:\/\/www.instytutpm.eu\/pit-co-to-jest\/#breadcrumb"},"inLanguage":"en-US","potentialAction":[{"@type":"ReadAction","target":["https:\/\/www.instytutpm.eu\/pit-co-to-jest\/"]}]},{"@type":"ImageObject","inLanguage":"en-US","@id":"https:\/\/www.instytutpm.eu\/pit-co-to-jest\/#primaryimage","url":"https:\/\/www.instytutpm.eu\/wp-content\/uploads\/2023\/02\/PIT_co_to_jest.png","contentUrl":"https:\/\/www.instytutpm.eu\/wp-content\/uploads\/2023\/02\/PIT_co_to_jest.png","width":1748,"height":1240,"caption":"PIT_co_to_jest"},{"@type":"BreadcrumbList","@id":"https:\/\/www.instytutpm.eu\/pit-co-to-jest\/#breadcrumb","itemListElement":[{"@type":"ListItem","position":1,"name":"Home","item":"https:\/\/www.instytutpm.eu\/en\/"},{"@type":"ListItem","position":2,"name":"PIT &#8211; co to jest?"}]},{"@type":"WebSite","@id":"https:\/\/www.instytutpm.eu\/#website","url":"https:\/\/www.instytutpm.eu\/","name":"Instytut Praw Migrant\u00f3w","description":"Free information support for migrants living in Poland","publisher":{"@id":"https:\/\/www.instytutpm.eu\/#organization"},"alternateName":"IPM","potentialAction":[{"@type":"SearchAction","target":{"@type":"EntryPoint","urlTemplate":"https:\/\/www.instytutpm.eu\/?s={search_term_string}"},"query-input":"required name=search_term_string"}],"inLanguage":"en-US"},{"@type":"Organization","@id":"https:\/\/www.instytutpm.eu\/#organization","name":"Instytut Praw Migrant\u00f3w","alternateName":"IPM","url":"https:\/\/www.instytutpm.eu\/","logo":{"@type":"ImageObject","inLanguage":"en-US","@id":"https:\/\/www.instytutpm.eu\/#\/schema\/logo\/image\/","url":"https:\/\/www.instytutpm.eu\/wp-content\/uploads\/2023\/05\/ipm-logo.jpg","contentUrl":"https:\/\/www.instytutpm.eu\/wp-content\/uploads\/2023\/05\/ipm-logo.jpg","width":238,"height":238,"caption":"Instytut Praw Migrant\u00f3w"},"image":{"@id":"https:\/\/www.instytutpm.eu\/#\/schema\/logo\/image\/"},"sameAs":["https:\/\/www.facebook.com\/Instytutpm","https:\/\/x.com\/Instytutipm"]},{"@type":"Person","@id":"https:\/\/www.instytutpm.eu\/#\/schema\/person\/786e05d0f6f22e29b93c5ded632d8bd2","name":"Instytut Praw Migrant\u00f3w","image":{"@type":"ImageObject","inLanguage":"en-US","@id":"https:\/\/www.instytutpm.eu\/#\/schema\/person\/image\/","url":"https:\/\/www.instytutpm.eu\/wp-content\/uploads\/2023\/05\/instytut-praw-migrantow_avatar-96x96.jpg","contentUrl":"https:\/\/www.instytutpm.eu\/wp-content\/uploads\/2023\/05\/instytut-praw-migrantow_avatar-96x96.jpg","caption":"Instytut Praw Migrant\u00f3w"},"description":"Naszym celem jest kszta\u0142cenie spo\u0142ecze\u0144stwa r\u00f3wnych szans \u015bwiadomego swoich praw, poprzez prowadzenie dzia\u0142alno\u015bci konsultacyjnej i szkoleniowej.","url":"https:\/\/www.instytutpm.eu\/en\/author\/bp-admin\/"}]}},"author_meta":{"display_name":"Instytut Praw Migrant\u00f3w","author_link":"https:\/\/www.instytutpm.eu\/en\/author\/bp-admin\/"},"featured_img":"https:\/\/www.instytutpm.eu\/wp-content\/uploads\/2023\/02\/PIT_co_to_jest-600x426.png","coauthors":[],"tax_additional":{"categories":{"linked":["<a href=\"https:\/\/www.instytutpm.eu\/en\/category\/instytut-praw-migrantow\/\" class=\"advgb-post-tax-term\">IPM<\/a>","<a href=\"https:\/\/www.instytutpm.eu\/en\/category\/praca\/\" class=\"advgb-post-tax-term\">Praca<\/a>"],"unlinked":["<span class=\"advgb-post-tax-term\">IPM<\/span>","<span class=\"advgb-post-tax-term\">Praca<\/span>"]}},"comment_count":"0","relative_dates":{"created":"Posted 3 years ago","modified":"Updated 3 years ago"},"absolute_dates":{"created":"Posted on 2023-02-13","modified":"Updated on 2023-05-19"},"absolute_dates_time":{"created":"Posted on 2023-02-13 10:46","modified":"Updated on 2023-05-19 09:43"},"featured_img_caption":"","series_order":"","_links":{"self":[{"href":"https:\/\/www.instytutpm.eu\/en\/wp-json\/wp\/v2\/posts\/1420","targetHints":{"allow":["GET"]}}],"collection":[{"href":"https:\/\/www.instytutpm.eu\/en\/wp-json\/wp\/v2\/posts"}],"about":[{"href":"https:\/\/www.instytutpm.eu\/en\/wp-json\/wp\/v2\/types\/post"}],"author":[{"embeddable":true,"href":"https:\/\/www.instytutpm.eu\/en\/wp-json\/wp\/v2\/users\/2"}],"replies":[{"embeddable":true,"href":"https:\/\/www.instytutpm.eu\/en\/wp-json\/wp\/v2\/comments?post=1420"}],"version-history":[{"count":2,"href":"https:\/\/www.instytutpm.eu\/en\/wp-json\/wp\/v2\/posts\/1420\/revisions"}],"predecessor-version":[{"id":1684,"href":"https:\/\/www.instytutpm.eu\/en\/wp-json\/wp\/v2\/posts\/1420\/revisions\/1684"}],"wp:featuredmedia":[{"embeddable":true,"href":"https:\/\/www.instytutpm.eu\/en\/wp-json\/wp\/v2\/media\/1680"}],"wp:attachment":[{"href":"https:\/\/www.instytutpm.eu\/en\/wp-json\/wp\/v2\/media?parent=1420"}],"wp:term":[{"taxonomy":"category","embeddable":true,"href":"https:\/\/www.instytutpm.eu\/en\/wp-json\/wp\/v2\/categories?post=1420"},{"taxonomy":"post_tag","embeddable":true,"href":"https:\/\/www.instytutpm.eu\/en\/wp-json\/wp\/v2\/tags?post=1420"}],"curies":[{"name":"wp","href":"https:\/\/api.w.org\/{rel}","templated":true}]}}